{"id":99,"date":"2017-11-01T09:21:17","date_gmt":"2017-11-01T09:21:17","guid":{"rendered":"http:\/\/www.partnershungary.hu\/?p=99"},"modified":"2024-12-12T14:20:49","modified_gmt":"2024-12-12T13:20:49","slug":"ovodai-iskolai-konfliktuskezeles","status":"publish","type":"post","link":"https:\/\/partnershungary.hu\/en\/ovodai-iskolai-konfliktuskezeles\/","title":{"rendered":"Modern conflict management in kindergarten-school"},"content":{"rendered":"<div class=\"wpb-content-wrapper\"><h3>Mi<strong> a program c\u00e9lja?<\/strong><\/h3>\n<p>Olyan modellprogramot val\u00f3s\u00edtottunk meg, ami gyakorlatias, azonnal alkalmazhat\u00f3 eszk\u00f6z\u00f6ket ad a pedag\u00f3gusok kez\u00e9be a konfliktusok, az agresszi\u00f3 \u00e9s a zaklat\u00e1s kezel\u00e9s\u00e9re. Abban is seg\u00edtj\u00fck az int\u00e9zm\u00e9nyeket, hogy olyan b\u00e9k\u00e9s \u00e9s befogad\u00f3 iskolai l\u00e9gk\u00f6rt alak\u00edtsanak ki, mely seg\u00edti a megel\u0151z\u00e9st \u00e9s pozit\u00edv hat\u00e1ssal van a gyerekek iskolai sikeress\u00e9g\u00e9re.<\/p>\n<p>Az 5-8 oszt\u00e1lyosok k\u00f6z\u00f6tt v\u00e9gzett felm\u00e9r\u00e9s szerint a gyerekek k\u00e9tharmad\u00e1t \u00e9ri iskolai er\u0151szak, minden tizedik gyereket hetente t\u00f6bbsz\u00f6r is.<\/p>\n<p>A projekt megval\u00f3s\u00edt\u00e1s\u00e1ban partner\u00fcnk volt a Presley Ridge Magyarorsz\u00e1g Alap\u00edtv\u00e1ny, az agresszi\u00f3kezel\u00e9s szak\u00e9rt\u0151je.<\/p>\n<p>&nbsp;<\/p>\n<h3><strong>Mi mindent tett\u00fcnk a program sor\u00e1n?<\/strong><\/h3>\n<p>K\u00e9pz\u00e9seket \u00e9s mentor\u00e1l\u00e1st biztos\u00edtottunk \u00f3vodai \u00e9s \u00e1ltal\u00e1nos iskolai pedag\u00f3gusok sz\u00e1m\u00e1ra, illetve a sz\u00fcl\u0151ket is bevontuk n\u00e9h\u00e1ny m\u0171helymunka erej\u00e9ig. Arra k\u00fcl\u00f6n figyelt\u00fcnk, hogy legyen k\u00f6z\u00f6s sz\u00fcl\u0151-pedag\u00f3gus alkalmak\u00a0 hiszen a k\u00f6telez\u0151 k\u00f6r\u00f6k\u00f6n k\u00edv\u00fcl alig van f\u00f3rum az inform\u00e1ci\u00f3cser\u00e9re \u00e9s kapcsolat\u00e9p\u00edt\u00e9sre.<\/p>\n<ul>\n<li>Sz\u00fcl\u0151k: agresszi\u00f3menedzsment \u00e9s konfliktuskezel\u0151 ismetereket szereznek \u00e9s megtanulj\u00e1k a saj\u00e1t gyermekeikkel az \u00e9rzelemteli, biztons\u00e1got ad\u00f3 kapcsol\u00f3d\u00e1st<\/li>\n<li>A bevont int\u00e9zm\u00e9nyek pedag\u00f3gusai: \u00faj m\u00f3dszereket, eszk\u00f6z\u00f6ket kapnak, mellyel hat\u00e9konyan tudj\u00e1k kezelni a felmer\u00fcl\u0151 probl\u00e9m\u00e1kat \u00e9s k\u00e9pesek prevent\u00edv jelleggel is alkalmazni azokat. Medi\u00e1ci\u00f3, Kapcsol\u00f3d\u00f3 Nevel\u00e9s, Kr\u00edzisintervenci\u00f3, Agresszi\u00f3kezel\u00e9s, Persona Doll k\u00e9pz\u00e9s &#8211; csak n\u00e9h\u00e1ny a programban haszn\u00e1lt m\u00f3dszertani elemek k\u00f6z\u00fcl.<\/li>\n<li>A pedag\u00f3gusok kez\u00e9t a k\u00e9pz\u00e9sek ut\u00e1n sem engedt\u00fck el: mind a hat r\u00e9sztvev\u0151 int\u00e9zm\u00e9ny mentort kapott, aki szem\u00e9lyre szabottan seg\u00edtett abban, hogy a tanultak be\u00e9p\u00fcljenek a mindennapokba.<\/li>\n<\/ul>\n<p>&nbsp;<\/p>\n<h3><strong>Milyen eredm\u00e9nyeket \u00e9rt\u00fcnk el?<\/strong><\/h3>\n<ul>\n<li>A projektben 3 \u00f3vod\u00e1val \u00e9s 3 iskol\u00e1val dolgoztunk egy\u00fctt, akik p\u00e1ly\u00e1ztak a programban val\u00f3 r\u00e9szv\u00e9telre:<\/li>\n<\/ul>\n<ol>\n<li>Pestszentl\u0151rinci Pitypang \u00d3voda<\/li>\n<li>P\u00f3sa Utcai \u00d3voda (Debrecen)<\/li>\n<li>Salg\u00f3tarj\u00e1ni \u00d6sszevont \u00d3voda Vadvir\u00e1g Tag\u00f3vod\u00e1ja, Sziv\u00e1rv\u00e1ny Tag\u00f3vod\u00e1ja \u00e9s Baglyasi Tag\u00f3vod\u00e1ja (3 int\u00e9zm\u00e9nyegys\u00e9g)<\/li>\n<li>G\u00f6csej Kapuja Bak \u00c1ltal\u00e1nos Iskola<\/li>\n<li>J\u00f3zsefv\u00e1rosi Egys\u00e9ges Gy\u00f3gypedag\u00f3giai M\u00f3dszertani Int\u00e9zm\u00e9ny \u00e9s \u00c1ltal\u00e1nos Iskola<\/li>\n<li>Salg\u00f3tarj\u00e1ni \u00c1ltal\u00e1nos Iskola Koll\u00e9giuma<\/li>\n<\/ol>\n<ul>\n<li>3 \u00f3vod\u00e1ban \u00e9s 3 iskol\u00e1ban b\u0151v\u00fclt a m\u00f3dszertani eszk\u00f6zt\u00e1r, amely seg\u00edti a konfliktus- \u00e9s agresszi\u00f3kezel\u00e9si k\u00e9szs\u00e9gek fejleszt\u00e9s\u00e9t \u00e9s hossz\u00fa t\u00e1v\u00fa be\u00e9p\u00fcl\u00e9s\u00e9t az int\u00e9zm\u00e9ny mindennapi \u00e9let\u00e9be.<\/li>\n<li>Sz\u00fcl\u0151k \u00e9s pedag\u00f3gusok egyar\u00e1nt tematikus tr\u00e9ningsorozaton vehettek r\u00e9sz, ahol profi szakemberekt\u0151l saj\u00e1t\u00edthatt\u00e1k el az agresszi\u00f3menedzsment \u00e9s konfliktuskezel\u00e9si ismereteket.<\/li>\n<li>66 iskolai medi\u00e1tort is k\u00e9pez\u00fcnk, akik szak\u00e9rtelm\u00fckkel hossz\u00fa t\u00e1von t\u00e1mogatni tudj\u00e1k az iskolai k\u00f6rnyezet szerepl\u0151inek hat\u00e9kony egy\u00fcttm\u0171k\u00f6d\u00e9s\u00e9t.<\/li>\n<li>44 pedag\u00f3gus szerzett \u00faj tud\u00e1st Kr\u00edzisintervenci\u00f3 \u00e9s agresszi\u00f3kezel\u00e9s ter\u00fclet\u00e9n. Komplex megel\u0151z\u00e9si \u00e9s kezel\u00e9si m\u00f3dszert saj\u00e1t\u00edtottak el, ami seg\u00edtheti \u0151ket oktat\u00e1si \u00e9s nevel\u00e9si int\u00e9zm\u00e9ny\u00fck kr\u00edziskezel\u00e9si gyakorlat\u00e1nak \u00e9s elj\u00e1r\u00e1srendj\u00e9nek a kialak\u00edt\u00e1s\u00e1ban, m\u00f3dos\u00edt\u00e1s\u00e1ban. Elm\u00e9leti \u00e9s gyakorlati tapasztalatot szerezhettek abban, hogy gyerekek \u00e9s fiatalok sz\u00e1m\u00e1ra sikeresen alkalmazhat\u00f3 megk\u00fczd\u00e9si strat\u00e9gi\u00e1kat tan\u00edtsanak.<\/li>\n<li>18 \u00f3vodapedag\u00f3gus tanulta meg \u00e9s alkalmazza a PersonaDoll m\u00f3dszert: egy\u00fcttm\u0171k\u00f6d\u00e9sen alapul\u00f3 strat\u00e9gi\u00e1kat ismernek meg \u00e9s adnak tov\u00e1bb a tan\u00edtv\u00e1nyaiknak, amelyek seg\u00edtik az oktat\u00e1si es\u00e9lyegyenl\u0151tlens\u00e9gek cs\u00f6kkent\u00e9s\u00e9t, a konfliktusok kezel\u00e9s\u00e9t \u00e9s agressz\u00edv magatart\u00e1sform\u00e1k feldolgoz\u00e1s\u00e1t.<\/li>\n<\/ul>\n<ul>\n<li>Kifejleszt\u00e9sre ker\u00fclt \u00a0egy Gyermekmedi\u00e1ci\u00f3s k\u00e9pz\u00e9s amelynek c\u00e9lja, hogy a pedag\u00f3gusok a konfliktusokat m\u00e1r kisgyermekkorban konstrukt\u00edvan kezelj\u00e9k, \u00e9s ezeket a mint\u00e1kat adj\u00e1k \u00e1t a gyerekeknek. Seg\u00edts\u00e9k \u0151ket \u00e9rzelmeik kifejez\u00e9s\u00e9ben, fejlessz\u00e9k a szoci\u00e1lis \u00e9s \u00e9rzelmi intelligenci\u00e1jukat.<\/li>\n<li>Fel\u00e1ll\u00edtottunk egy int\u00e9zm\u00e9nyi t\u00e1mogat\u00f3i rendszert, melyben mentorok seg\u00edtik int\u00e9zm\u00e9nyvezet\u0151ket, pedag\u00f3gusokat, sz\u00fcl\u0151ket abban, hogy hat\u00e9konyan tudj\u00e1k haszn\u00e1lni a tr\u00e9ning sor\u00e1n megszerzett tud\u00e1sukat \u00e9s be tudj\u00e1k \u00e9p\u00edteni az int\u00e9zm\u00e9nyek \u00e9let\u00e9be.<\/li>\n<\/ul>\n<p>Programunk 2017 v\u00e9g\u00e9n lez\u00e1rult. Olvassa el a\u00a0<a href=\"http:\/\/partnershungary.hu\/wp-content\/uploads\/2017\/11\/CARS-Innovat\u00edv-projektz\u00e1r\u00f3-tanulm\u00e1ny.pdf\">CARS Innovat\u00edv projektz\u00e1r\u00f3 tanulm\u00e1ny<\/a>unkat, ahol \u0151szint\u00e9n vallanak a k\u00e9pz\u00e9seken \u00e9s a mentor\u00e1ci\u00f3n r\u00e9szt vett pedag\u00f3gusok \u00e9s int\u00e9zm\u00e9nyvezet\u0151k arr\u00f3l, hogy mi mindent adott nekik a program.<\/p>\n<p>&nbsp;<\/p>\n<p><strong>Egy\u00e9b fontos inform\u00e1ci\u00f3k:<\/strong><\/p>\n<ul>\n<li>Projekt\/T\u00e1mogat\u00e1si Program neve: A New Tool for Quality Teaching:Developing Conflict and Aggression Resolution Skills of Teachers, Students and Parents\u201cC A R S\u201d for more Peaceful and Democratic societies<\/li>\n<li>T\u00e1mogat\u00f3 szervezet: Ny\u00edlt T\u00e1rsadalom Int\u00e9zet Alap\u00edtv\u00e1ny<\/li>\n<li>Projekt azonos\u00edt\u00f3ja a t\u00e1mogat\u00f3n\u00e1l: Grant Number OR2015-24719<\/li>\n<li>Egy\u00fcttm\u0171k\u00f6d\u0151 partner: Pressley Ridge Alap\u00edtv\u00e1ny http:\/\/www.pressleyridge.hu\/<\/li>\n<li>Id\u0151tartam kezdete\/v\u00e9ge: 2016.janu\u00e1r 1. \u2013 2017.december 31.<\/li>\n<li>K\u00f6lts\u00e9gvet\u00e9s \u00f6sszege, p\u00e9nznem: 83\u00a0364 $<\/li>\n<\/ul>\n<p>&nbsp;<\/p>\n<p>&nbsp;<\/p>\n<p>B\u0151vebb inform\u00e1ci\u00f3 a programr\u00f3l:<\/p>\n<table>\n<tbody>\n<tr>\n<td width=\"291\">Bord\u00e1s \u2013 T\u00f3th \u00c9va<\/td>\n<td width=\"275\"><\/td>\n<\/tr>\n<tr>\n<td width=\"291\"><a href=\"mailto:tothe@partnershungary.hu\">tothe@partnershungary.hu<\/a><\/td>\n<td><\/td>\n<\/tr>\n<\/tbody>\n<\/table>\n<p>[\/vc_column_text][\/vc_column][\/vc_row]<\/p>\n<\/div>","protected":false},"excerpt":{"rendered":"<p>Early childhood development professionals and parents are already confronted in kindergarten with the fact that abuse and aggression often occur in social situations and need to be addressed. And treatment requires the recognition of the problem and the use of new methods: for children, teachers and parents alike. Currently, in Hungary, these skills are not part of any teacher training.<\/p>","protected":false},"author":2,"featured_media":36,"comment_status":"closed","ping_status":"closed","sticky":false,"template":"","format":"standard","meta":{"_seopress_robots_primary_cat":"3","_seopress_titles_title":"","_seopress_titles_desc":"Korszer\u0171, az egy\u00fcttm\u0171k\u00f6d\u00e9st \u00e9p\u00edt\u0151 konfliktuskezel\u00e9si m\u00f3dszereket tan\u00edtottunk \u00f3vod\u00e1kban \u00e9s iskol\u00e1kban, a k\u00f6nnyebb mindennapok\u00e9rt. Tudjon meg t\u00f6bbet!","_seopress_robots_index":"","footnotes":""},"categories":[78],"tags":[],"class_list":["post-99","post","type-post","status-publish","format-standard","has-post-thumbnail","hentry","category-korabbi-projektek"],"_links":{"self":[{"href":"https:\/\/partnershungary.hu\/en\/wp-json\/wp\/v2\/posts\/99","targetHints":{"allow":["GET"]}}],"collection":[{"href":"https:\/\/partnershungary.hu\/en\/wp-json\/wp\/v2\/posts"}],"about":[{"href":"https:\/\/partnershungary.hu\/en\/wp-json\/wp\/v2\/types\/post"}],"author":[{"embeddable":true,"href":"https:\/\/partnershungary.hu\/en\/wp-json\/wp\/v2\/users\/2"}],"replies":[{"embeddable":true,"href":"https:\/\/partnershungary.hu\/en\/wp-json\/wp\/v2\/comments?post=99"}],"version-history":[{"count":0,"href":"https:\/\/partnershungary.hu\/en\/wp-json\/wp\/v2\/posts\/99\/revisions"}],"wp:featuredmedia":[{"embeddable":true,"href":"https:\/\/partnershungary.hu\/en\/wp-json\/wp\/v2\/media\/36"}],"wp:attachment":[{"href":"https:\/\/partnershungary.hu\/en\/wp-json\/wp\/v2\/media?parent=99"}],"wp:term":[{"taxonomy":"category","embeddable":true,"href":"https:\/\/partnershungary.hu\/en\/wp-json\/wp\/v2\/categories?post=99"},{"taxonomy":"post_tag","embeddable":true,"href":"https:\/\/partnershungary.hu\/en\/wp-json\/wp\/v2\/tags?post=99"}],"curies":[{"name":"wp","href":"https:\/\/api.w.org\/{rel}","templated":true}]}}