{"id":5223,"date":"2025-10-12T19:06:14","date_gmt":"2025-10-12T18:06:14","guid":{"rendered":"https:\/\/partnershungary.hu\/?p=5223"},"modified":"2025-10-12T19:08:14","modified_gmt":"2025-10-12T18:08:14","slug":"elso-a-gyermek-program-2","status":"publish","type":"post","link":"https:\/\/partnershungary.hu\/en\/elso-a-gyermek-program-2\/","title":{"rendered":"Children first programme\u00a0"},"content":{"rendered":"<div class=\"wpb-content-wrapper\"><div class=\"vc_row wpb_row vc_row-fluid\"><div class=\"wpb_column vc_column_container vc_col-sm-12\"><div class=\"vc_column-inner\"><div class=\"wpb_wrapper\">\n\t<div class=\"wpb_text_column wpb_content_element\" >\n\t\t<div class=\"wpb_wrapper\">\n\t\t\t<p><span data-contrast=\"none\">A program a haz\u00e1nkban tart\u00f3zkod\u00f3 menek\u00fcltek, mened\u00e9kes st\u00e1tusz\u00fa emberek seg\u00edt\u00e9s\u00e9b\u0151l indult ki, de hossz\u00fa t\u00e1von k\u00edv\u00e1nta t\u00e1mogatni a helyi befogad\u00f3 k\u00f6z\u00f6ss\u00e9gek \u00e9p\u00edt\u00e9s\u00e9t, meger\u0151s\u00edt\u00e9s\u00e9t, kiemelt figyelmet ford\u00edtva a legkisebbekre, a gyermekekre \u00e9s csal\u00e1djaikra, \u00e9s a s\u00e9r\u00fcl\u00e9keny csoportokra, kiemelten a rom\u00e1kra. A kisgyermekkori fejleszt\u00e9st fontosnak tart\u00f3, ez\u00e9rt tenni akar\u00f3 \u00f6nkorm\u00e1nyzatok \u00e9s helyi int\u00e9zm\u00e9nyek, szervezetek sz\u00e1m\u00e1ra olyan t\u00e1mogat\u00e1si lehet\u0151s\u00e9geket biztos\u00edtottunk, k\u00fcl\u00f6nb\u00f6z\u0151, egym\u00e1sra \u00e9p\u00edthet\u0151 programelemek form\u00e1j\u00e1ban, melyek k\u00fcl\u00f6n-k\u00fcl\u00f6n, \u00e9s egy\u00fcttesen is ig\u00e9nybe vehet\u0151k voltak, \u00e9s mindegyik\u00fcket &#8211; a helyi ig\u00e9nyeknek \u00e9s sz\u00fcks\u00e9gleteknek megfelel\u0151en \u2013 alak\u00edthatt\u00e1k ki a sikeres p\u00e1ly\u00e1z\u00f3k.<\/span><span data-ccp-props=\"{&quot;201341983&quot;:0,&quot;335551550&quot;:6,&quot;335551620&quot;:6,&quot;335559739&quot;:0,&quot;335559740&quot;:240}\">\u00a0<\/span><\/p>\n<p><span data-ccp-props=\"{&quot;201341983&quot;:0,&quot;335551550&quot;:6,&quot;335551620&quot;:6,&quot;335559739&quot;:0,&quot;335559740&quot;:240}\">\u00a0<\/span><\/p>\n<p><span data-contrast=\"none\">Munk\u00e1nk sor\u00e1n azt tapasztaltuk \u00e9s a kutat\u00e1sok is azt igazolj\u00e1k, hogy komplex t\u00e1rsadalmi probl\u00e9m\u00e1k csak egy\u00fcttm\u0171k\u00f6d\u00e9ssel, strat\u00e9giai gondolkod\u00e1ssal \u00e9s beavatkoz\u00e1sokkal kezelhet\u0151k, ahol minden \u00e9rintett r\u00e9szt vesz az \u0151ket \u00e9rint\u0151 d\u00f6nt\u00e9sek meghozatal\u00e1ban, \u00e9s k\u00f6z\u00f6sen dolgoznak a k\u00f6z\u00f6sen kialak\u00edtott c\u00e9lok megval\u00f3s\u00edt\u00e1s\u00e1n. Ezt t\u00e1mogattuk a programunkkal.\u00a0<\/span><span data-ccp-props=\"{&quot;201341983&quot;:0,&quot;335551550&quot;:6,&quot;335551620&quot;:6,&quot;335559739&quot;:0,&quot;335559740&quot;:240}\">\u00a0<\/span><\/p>\n<h3><span data-ccp-props=\"{&quot;201341983&quot;:0,&quot;335551550&quot;:6,&quot;335551620&quot;:6,&quot;335559739&quot;:0,&quot;335559740&quot;:240}\">\u00a0Mi volt az Els\u0151 a gyermek program c\u00e9lja?<\/span><\/h3>\n<p><span data-contrast=\"auto\">A nagyszab\u00e1s\u00fa program c\u00e9lja az volt, hogy az orosz- ukr\u00e1n h\u00e1bor\u00fa miatt Magyarorsz\u00e1gra menek\u00fcl\u0151 kisgyermekek \u00e9s csal\u00e1djaik, kiemelten a rom\u00e1k \u2013 sz\u00fcks\u00e9gleteiknek megfelel\u0151 \u2013 seg\u00edts\u00e9get kapjanak, \u00e9s ennek \u00e9rdek\u00e9ben megt\u00e1mogassuk az \u0151ket befogad\u00f3 \u00f6nkorm\u00e1nyzatokat, a vel\u00fck egy\u00fcttm\u0171k\u00f6d\u0151 int\u00e9zm\u00e9nyeket, civil szervezeteket a szolg\u00e1ltat\u00e1saik min\u0151s\u00e9g\u00e9nek jav\u00edt\u00e1s\u00e1ban, egy befogad\u00f3bb int\u00e9zm\u00e9nyrendszer kialak\u00edt\u00e1s\u00e1ban.\u00a0<\/span><span data-ccp-props=\"{&quot;201341983&quot;:0,&quot;335551550&quot;:6,&quot;335551620&quot;:6,&quot;335559739&quot;:0,&quot;335559740&quot;:240}\">\u00a0<\/span><\/p>\n<p><span data-ccp-props=\"{&quot;201341983&quot;:0,&quot;335551550&quot;:6,&quot;335551620&quot;:6,&quot;335559739&quot;:0,&quot;335559740&quot;:240}\">\u00a0<\/span><\/p>\n<p><span data-contrast=\"auto\">\u00dagy gondoltuk, hogy a h\u00e1bor\u00fa miatt Magyarorsz\u00e1gra \u00e9rkez\u0151 plusz forr\u00e1sokat \u00fagy tudjuk a leghat\u00e9konyabban hasznos\u00edtani, ha seg\u00edts\u00e9g\u00fckkel a telep\u00fcl\u00e9seken, a helyi int\u00e9zm\u00e9nyekben n\u0151 a szolg\u00e1ltat\u00e1sok sz\u00ednvonala, \u00e9s a menek\u00fcltek els\u0151dleges t\u00e1mogat\u00e1sa mellett a telep\u00fcl\u00e9seken \u00e9l\u0151 m\u00e1s h\u00e1tr\u00e1nyos helyzet\u0171 csoportok, kiemelten a magyarorsz\u00e1gi rom\u00e1k, de a helyi lakosok is a lehet\u0151 legnagyobb m\u00e9rt\u00e9kben hozz\u00e1f\u00e9rnek a plusz, a jobb szolg\u00e1ltat\u00e1sokhoz.\u00a0<\/span><span data-ccp-props=\"{&quot;201341983&quot;:0,&quot;335551550&quot;:6,&quot;335551620&quot;:6,&quot;335559739&quot;:0,&quot;335559740&quot;:240}\">\u00a0<\/span><\/p>\n<p>&nbsp;<\/p>\n<h3>How did we work?<\/h3>\n<p><span data-contrast=\"auto\">A forr\u00e1sok eloszt\u00e1s\u00e1ra \u00e9s a helyi programok megval\u00f3s\u00edt\u00e1s\u00e1ra orsz\u00e1gos p\u00e1ly\u00e1zatot \u00edrtunk ki, \u00f6t ter\u00fcleten. Az \u00f6t fejleszt\u00e9si ter\u00fcletet az\u00e9rt v\u00e1lasztottuk k\u00fcl\u00f6n, hogy az egyes programelemek \u2013 a helyi fejleszt\u00e9si kapacit\u00e1sok f\u00fcggv\u00e9ny\u00e9ben \u2013 k\u00fcl\u00f6n-k\u00fcl\u00f6n, de egy\u00fctt is megp\u00e1ly\u00e1zhat\u00f3k legyenek. Ugyanakkor az egym\u00e1sra j\u00f3 \u00e9p\u00edthet\u0151 programelemek egy\u00fcttes v\u00e1laszt\u00e1s\u00e1t el\u0151nyk\u00e9nt \u00e9rt\u00e9kelt\u00fck a b\u00edr\u00e1latn\u00e1l. P\u00e9ld\u00e1ul, ha egy \u00f6nkorm\u00e1nyzat v\u00e1llalta, hogy a Primokiz m\u00f3dszerrel megalkotja a koragyermekkori fejleszt\u00e9si strat\u00e9gi\u00e1j\u00e1t, \u00e9sszer\u0171 volt hozz\u00e1kapcsolni j\u00e1t\u00e9kk\u00f6zpont kialak\u00edt\u00e1s\u00e1t, ami egy integr\u00e1lt szolg\u00e1ltat\u00e1st ny\u00fajt\u00f3 hely. A\u00a0 szoci\u00e1lis munka helyi kapacit\u00e1sainak meger\u0151s\u00edt\u00e9se, \u00e9s a tanul\u00f3csoport ind\u00edt\u00e1sa csak annak volt v\u00e1laszthat\u00f3, aki vagy J\u00e1t\u00e9kk\u00f6zpontot is alap\u00edtott, vagy roma medi\u00e1tort alkalmazott a helyi konfliktusok cs\u00f6kkent\u00e9s\u00e9re.<\/span><span data-ccp-props=\"{&quot;201341983&quot;:0,&quot;335551550&quot;:6,&quot;335551620&quot;:6,&quot;335559739&quot;:0,&quot;335559740&quot;:240}\">\u00a0<\/span><\/p>\n<p><span data-ccp-props=\"{&quot;201341983&quot;:0,&quot;335551550&quot;:6,&quot;335551620&quot;:6,&quot;335559739&quot;:0,&quot;335559740&quot;:240}\">\u00a0<\/span><\/p>\n<p><span data-contrast=\"none\">A megp\u00e1ly\u00e1zhat\u00f3 forr\u00e1sok mellett egy k\u00e9pz\u00e9ssorozatot is ind\u00edtottunk, mely tud\u00e1sb\u0151v\u00edt\u00e9ssel, a befogad\u00f3 szeml\u00e9let t\u00e1mogat\u00e1s\u00e1val j\u00e1rult hozz\u00e1 a sikeres helyi programok megval\u00f3s\u00edt\u00e1shoz. Egyes programelemekhez (Primokiz \u2013 \u00f6nkorm\u00e1nyzati strat\u00e9ga alkot\u00e1s, J\u00e1t\u00e9kk\u00f6zpont alap\u00edt\u00e1sa, Roma medi\u00e1ci\u00f3) k\u00f6telez\u0151 k\u00e9pz\u00e9seken kellett r\u00e9szt venni.<\/span><span data-ccp-props=\"{&quot;201341983&quot;:0,&quot;335551550&quot;:6,&quot;335551620&quot;:6,&quot;335559739&quot;:0,&quot;335559740&quot;:240}\">\u00a0<\/span><\/p>\n<p><span data-ccp-props=\"{&quot;201341983&quot;:0,&quot;335551550&quot;:6,&quot;335551620&quot;:6,&quot;335559739&quot;:0,&quot;335559740&quot;:240}\">\u00a0<\/span><\/p>\n<p><span data-contrast=\"none\">A telep\u00fcl\u00e9si programokkal \u00e9s az ehhez kapcsol\u00f3d\u00f3 kapacit\u00e1s\u00e9p\u00edt\u00e9ssel p\u00e1rhuzamosan ind\u00edtottunk egy ett\u0151l a programt\u00f3l f\u00fcggetlen orsz\u00e1gos k\u00e9pz\u00e9ssorozatot, melynek az volt a c\u00e9lja, hogy a gyermekekkel foglalkoz\u00f3 szakemberek megismerkedjenek a traumatudatos megk\u00f6zel\u00edt\u00e9sm\u00f3ddal, \u00e9s ezt k\u00e9pesek legyenek a munk\u00e1jukban alkalmazni. Orsz\u00e1gosan 10 tr\u00e9nert k\u00e9pezt\u00fcnk, akik seg\u00edts\u00e9g\u00e9vel t\u00f6bb mint 200 szakemberhez jutott el ez a szeml\u00e9let \u00e9s gyakorlat.\u00a0<\/span><span data-ccp-props=\"{&quot;201341983&quot;:0,&quot;335551550&quot;:6,&quot;335551620&quot;:6,&quot;335559739&quot;:0,&quot;335559740&quot;:240}\">\u00a0<\/span><\/p>\n<p><span data-ccp-props=\"{&quot;201341983&quot;:0,&quot;335551550&quot;:6,&quot;335551620&quot;:6,&quot;335559739&quot;:0,&quot;335559740&quot;:240}\">\u00a0<\/span><\/p>\n<p><span data-ccp-props=\"{&quot;201341983&quot;:0,&quot;335551550&quot;:2,&quot;335551620&quot;:2,&quot;335559685&quot;:720,&quot;335559739&quot;:0,&quot;335559740&quot;:240}\">\u00a0<\/span><\/p>\n<p><span data-ccp-props=\"{&quot;201341983&quot;:0,&quot;335551550&quot;:6,&quot;335551620&quot;:6,&quot;335559685&quot;:720,&quot;335559739&quot;:0,&quot;335559740&quot;:240}\">\u00a0<\/span><\/p>\n<h3><span data-ccp-props=\"{&quot;201341983&quot;:0,&quot;335551550&quot;:6,&quot;335551620&quot;:6,&quot;335559685&quot;:720,&quot;335559739&quot;:0,&quot;335559740&quot;:240}\">\u00a0A f\u0151bb programelemek<\/span><\/h3>\n<p><b><span data-contrast=\"none\">1. Primokiz\u201d program <\/span><\/b><span data-contrast=\"none\">&#8211; Helyi kisgyermekkori strat\u00e9gia megalkot\u00e1sa, megl\u00e9v\u0151 szolg\u00e1ltat\u00e1sok fejleszt\u00e9se \u00e9s rendszerez\u00e9se, \u00faj szolg\u00e1lat\u00e1sok kialak\u00edt\u00e1sa.<\/span><span data-ccp-props=\"{&quot;201341983&quot;:0,&quot;335551550&quot;:6,&quot;335551620&quot;:6,&quot;335559739&quot;:0,&quot;335559740&quot;:240}\">\u00a0<\/span><\/p>\n<ul>\n<li aria-setsize=\"-1\" data-leveltext=\"\uf0b7\" data-font=\"Symbol\" data-listid=\"24\" data-list-defn-props=\"{&quot;335552541&quot;:1,&quot;335559685&quot;:720,&quot;335559991&quot;:360,&quot;469769226&quot;:&quot;Symbol&quot;,&quot;469769242&quot;:&#091;8226&#093;,&quot;469777803&quot;:&quot;left&quot;,&quot;469777804&quot;:&quot;\uf0b7&quot;,&quot;469777815&quot;:&quot;multilevel&quot;}\" data-aria-posinset=\"1\" data-aria-level=\"1\"><span data-contrast=\"none\">3 315 000 HUF keret\u00f6sszeg a kisgyermekkori nevel\u00e9st seg\u00edt\u0151 szolg\u00e1ltat\u00e1sok kialak\u00edt\u00e1s\u00e1ra, amely szabadon felhaszn\u00e1lhat\u00f3\u00a0<\/span><span data-ccp-props=\"{&quot;201341983&quot;:0,&quot;335551550&quot;:6,&quot;335551620&quot;:6,&quot;335559739&quot;:0,&quot;335559740&quot;:240}\">\u00a0<\/span><\/li>\n<\/ul>\n<ul>\n<li aria-setsize=\"-1\" data-leveltext=\"\uf0b7\" data-font=\"Symbol\" data-listid=\"25\" data-list-defn-props=\"{&quot;335552541&quot;:1,&quot;335559685&quot;:720,&quot;335559991&quot;:360,&quot;469769226&quot;:&quot;Symbol&quot;,&quot;469769242&quot;:&#091;8226&#093;,&quot;469777803&quot;:&quot;left&quot;,&quot;469777804&quot;:&quot;\uf0b7&quot;,&quot;469777815&quot;:&quot;multilevel&quot;}\" data-aria-posinset=\"1\" data-aria-level=\"1\"><span data-contrast=\"none\">K\u00fcls\u0151s Primokiz facilit\u00e1tor biztos\u00edt\u00e1sa, aki a helyi koordin\u00e1torral szorosan egy\u00fcttm\u0171k\u00f6dve v\u00e9gzi a munk\u00e1j\u00e1t.\u202f<\/span><span data-ccp-props=\"{&quot;201341983&quot;:0,&quot;335551550&quot;:6,&quot;335551620&quot;:6,&quot;335559739&quot;:0,&quot;335559740&quot;:240}\">\u00a0<\/span><\/li>\n<\/ul>\n<p><span data-ccp-props=\"{&quot;201341983&quot;:0,&quot;335551550&quot;:6,&quot;335551620&quot;:6,&quot;335559685&quot;:720,&quot;335559739&quot;:0,&quot;335559740&quot;:240}\">\u00a0<\/span><\/p>\n<p><b><span data-contrast=\"none\">2. J\u00e1t\u00e9kk\u00f6zpontok kialak\u00edt\u00e1sa <\/span><\/b><span data-contrast=\"none\">&#8211; Olyan k\u00f6z\u00f6ss\u00e9gi t\u00e9r kialak\u00edt\u00e1sa, ahol a k\u00fcl\u00f6nb\u00f6z\u0151 h\u00e1tter\u0171 gyermekek (0-10 \u00e9v) \u00e9s csal\u00e1dtagjaik egy\u00fctt t\u00f6lthetik szabadidej\u00fcket, fejleszt\u0151 foglalkoz\u00e1sokon vehetnek r\u00e9szt.<\/span><span data-ccp-props=\"{&quot;201341983&quot;:0,&quot;335551550&quot;:6,&quot;335551620&quot;:6,&quot;335559739&quot;:0,&quot;335559740&quot;:240}\">\u00a0<\/span><\/p>\n<ul>\n<li aria-setsize=\"-1\" data-leveltext=\"\uf0b7\" data-font=\"Symbol\" data-listid=\"10\" data-list-defn-props=\"{&quot;335552541&quot;:1,&quot;335559685&quot;:720,&quot;335559991&quot;:360,&quot;469769226&quot;:&quot;Symbol&quot;,&quot;469769242&quot;:&#091;8226&#093;,&quot;469777803&quot;:&quot;left&quot;,&quot;469777804&quot;:&quot;\uf0b7&quot;,&quot;469777815&quot;:&quot;multilevel&quot;}\" data-aria-posinset=\"1\" data-aria-level=\"1\"><span data-contrast=\"none\">A j\u00e1t\u00e9kt\u00e1r berendez\u00e9se \u00e9s felszerel\u00e9se: 1 850 000 Ft\u202f<\/span><span data-ccp-props=\"{&quot;201341983&quot;:0,&quot;335551550&quot;:6,&quot;335551620&quot;:6,&quot;335559739&quot;:0,&quot;335559740&quot;:240}\">\u00a0<\/span><\/li>\n<\/ul>\n<ul>\n<li aria-setsize=\"-1\" data-leveltext=\"\uf0b7\" data-font=\"Symbol\" data-listid=\"11\" data-list-defn-props=\"{&quot;335552541&quot;:1,&quot;335559685&quot;:720,&quot;335559991&quot;:360,&quot;469769226&quot;:&quot;Symbol&quot;,&quot;469769242&quot;:&#091;8226&#093;,&quot;469777803&quot;:&quot;left&quot;,&quot;469777804&quot;:&quot;\uf0b7&quot;,&quot;469777815&quot;:&quot;multilevel&quot;}\" data-aria-posinset=\"1\" data-aria-level=\"1\"><span data-contrast=\"none\">Programok gyermekek sz\u00e1m\u00e1ra: 1 628 000 Ft\u202f<\/span><span data-ccp-props=\"{&quot;201341983&quot;:0,&quot;335551550&quot;:6,&quot;335551620&quot;:6,&quot;335559739&quot;:0,&quot;335559740&quot;:240}\">\u00a0<\/span><\/li>\n<\/ul>\n<ul>\n<li aria-setsize=\"-1\" data-leveltext=\"\uf0b7\" data-font=\"Symbol\" data-listid=\"12\" data-list-defn-props=\"{&quot;335552541&quot;:1,&quot;335559685&quot;:720,&quot;335559991&quot;:360,&quot;469769226&quot;:&quot;Symbol&quot;,&quot;469769242&quot;:&#091;8226&#093;,&quot;469777803&quot;:&quot;left&quot;,&quot;469777804&quot;:&quot;\uf0b7&quot;,&quot;469777815&quot;:&quot;multilevel&quot;}\" data-aria-posinset=\"1\" data-aria-level=\"1\"><span data-contrast=\"none\">Programok sz\u00fcl\u0151k sz\u00e1m\u00e1ra: 814 000 Ft\u202f<\/span><span data-ccp-props=\"{&quot;201341983&quot;:0,&quot;335551550&quot;:6,&quot;335551620&quot;:6,&quot;335559739&quot;:0,&quot;335559740&quot;:240}\">\u00a0<\/span><\/li>\n<\/ul>\n<ul>\n<li aria-setsize=\"-1\" data-leveltext=\"\uf0b7\" data-font=\"Symbol\" data-listid=\"13\" data-list-defn-props=\"{&quot;335552541&quot;:1,&quot;335559685&quot;:720,&quot;335559991&quot;:360,&quot;469769226&quot;:&quot;Symbol&quot;,&quot;469769242&quot;:&#091;8226&#093;,&quot;469777803&quot;:&quot;left&quot;,&quot;469777804&quot;:&quot;\uf0b7&quot;,&quot;469777815&quot;:&quot;multilevel&quot;}\" data-aria-posinset=\"1\" data-aria-level=\"1\"><span data-contrast=\"none\">Helyi akci\u00f3csoport m\u0171k\u00f6dtet\u00e9se, networking (kb. 50-50% ): 554 400\u202f<\/span><span data-ccp-props=\"{&quot;201341983&quot;:0,&quot;335551550&quot;:6,&quot;335551620&quot;:6,&quot;335559739&quot;:0,&quot;335559740&quot;:240}\">\u00a0<\/span><\/li>\n<\/ul>\n<ul>\n<li aria-setsize=\"-1\" data-leveltext=\"\uf0b7\" data-font=\"Symbol\" data-listid=\"14\" data-list-defn-props=\"{&quot;335552541&quot;:1,&quot;335559685&quot;:720,&quot;335559991&quot;:360,&quot;469769226&quot;:&quot;Symbol&quot;,&quot;469769242&quot;:&#091;8226&#093;,&quot;469777803&quot;:&quot;left&quot;,&quot;469777804&quot;:&quot;\uf0b7&quot;,&quot;469777815&quot;:&quot;multilevel&quot;}\" data-aria-posinset=\"1\" data-aria-level=\"1\"><span data-contrast=\"none\">Rezsik\u00f6lts\u00e9g: 46 200 Ft\/h\u00f3, 6 h\u00f3,napra, \u00f6sszesen 277 200 Ft \u00e9rt\u00e9kben\u202f<\/span><span data-ccp-props=\"{&quot;201341983&quot;:0,&quot;335551550&quot;:6,&quot;335551620&quot;:6,&quot;335559739&quot;:0,&quot;335559740&quot;:240}\">\u00a0<\/span><\/li>\n<\/ul>\n<p><span data-contrast=\"none\">\u00a0<\/span><span data-ccp-props=\"{&quot;201341983&quot;:0,&quot;335551550&quot;:6,&quot;335551620&quot;:6,&quot;335559685&quot;:720,&quot;335559739&quot;:0,&quot;335559740&quot;:240}\">\u00a0<\/span><\/p>\n<p><b><span data-contrast=\"none\">3. Interkultur\u00e1lis medi\u00e1torok <\/span><\/b><span data-contrast=\"none\">&#8211; K\u00f6zvet\u00edt\u0151k k\u00e9pz\u00e9se \u00e9s foglalkoztat\u00e1sa, a\u200bkik\u200b a \u200bhelyi egy\u00fcttm\u0171k\u00f6d\u00e9sek kialak\u00edt\u00e1s\u00e1t, helyi probl\u00e9m\u00e1k kezel\u00e9s\u00e9t, a konfliktusok kezel\u00e9s\u00e9t \u00e9s megel\u0151z\u00e9s\u00e9t t\u00e1moga\u200btj\u00e1k\u200b.\u00a0<\/span><span data-ccp-props=\"{&quot;201341983&quot;:0,&quot;335551550&quot;:6,&quot;335551620&quot;:6,&quot;335559739&quot;:0,&quot;335559740&quot;:240}\">\u00a0<\/span><\/p>\n<ul>\n<li aria-setsize=\"-1\" data-leveltext=\"\uf0b7\" data-font=\"Symbol\" data-listid=\"17\" data-list-defn-props=\"{&quot;335552541&quot;:1,&quot;335559685&quot;:1440,&quot;335559991&quot;:360,&quot;469769226&quot;:&quot;Symbol&quot;,&quot;469769242&quot;:&#091;8226&#093;,&quot;469777803&quot;:&quot;left&quot;,&quot;469777804&quot;:&quot;\uf0b7&quot;,&quot;469777815&quot;:&quot;hybridMultilevel&quot;}\" data-aria-posinset=\"1\" data-aria-level=\"1\"><span data-contrast=\"auto\">egy f\u0151 intekultur\u00e1lis medi\u00e1tor munk\u00e1j\u00e1nak ell\u00e1t\u00e1s\u00e1hoz havi szuperbrutt\u00f3 197 500 Ft\/h\u00f3 \u00e9rt\u00e9kben j\u00e1rul hozz\u00e1 6 h\u00f3napon kereszt\u00fcl, \u00f6sszesen 1 185 000 Ft \u00e9rt\u00e9kben\u202f\u202f<\/span><span data-ccp-props=\"{&quot;134233117&quot;:false,&quot;134233118&quot;:false,&quot;201341983&quot;:0,&quot;335551550&quot;:6,&quot;335551620&quot;:6,&quot;335559685&quot;:709,&quot;335559738&quot;:0,&quot;335559739&quot;:0,&quot;335559740&quot;:240,&quot;335559991&quot;:283}\">\u00a0<\/span><\/li>\n<\/ul>\n<ul>\n<li aria-setsize=\"-1\" data-leveltext=\"\uf0b7\" data-font=\"Symbol\" data-listid=\"17\" data-list-defn-props=\"{&quot;335552541&quot;:1,&quot;335559685&quot;:1440,&quot;335559991&quot;:360,&quot;469769226&quot;:&quot;Symbol&quot;,&quot;469769242&quot;:&#091;8226&#093;,&quot;469777803&quot;:&quot;left&quot;,&quot;469777804&quot;:&quot;\uf0b7&quot;,&quot;469777815&quot;:&quot;hybridMultilevel&quot;}\" data-aria-posinset=\"2\" data-aria-level=\"1\"><span data-contrast=\"auto\">a szakmai terv megval\u00f3s\u00edt\u00e1s\u00e1hoz anyagi forr\u00e1st biztos\u00edt 2 200 000 Ft \u00e9rt\u00e9kben\u202f<\/span><span data-ccp-props=\"{&quot;134233117&quot;:false,&quot;134233118&quot;:false,&quot;201341983&quot;:0,&quot;335551550&quot;:6,&quot;335551620&quot;:6,&quot;335559685&quot;:709,&quot;335559738&quot;:0,&quot;335559739&quot;:0,&quot;335559740&quot;:240,&quot;335559991&quot;:283}\">\u00a0<\/span><\/li>\n<\/ul>\n<p><span data-ccp-props=\"{&quot;201341983&quot;:0,&quot;335551550&quot;:6,&quot;335551620&quot;:6,&quot;335559685&quot;:720,&quot;335559739&quot;:0,&quot;335559740&quot;:240}\">\u00a0<\/span><\/p>\n<p><b><span data-contrast=\"none\">4. Iskolai sikeress\u00e9get megalapoz\u00f3 szolg\u00e1ltat\u00e1sok <\/span><\/b><span data-contrast=\"none\">&#8211; Egy\u00e9ni tanul\u00e1st \u00e9s r\u00e9szk\u00e9pess\u00e9geket fejleszt\u0151 oktat\u00e1si programok tervez\u00e9se \u00e9s megval\u00f3s\u00edt\u00e1sa csoportos \u00e9s egy\u00e9ni tanul\u00e1st\u00e1mogat\u00e1ssal. (Orsz\u00e1gosan \u00f6sszesen 100 gyermek t\u00e1mogat\u00e1s\u00e1sra volt lehet\u0151s\u00e9g. )<\/span><span data-ccp-props=\"{&quot;201341983&quot;:0,&quot;335551550&quot;:6,&quot;335551620&quot;:6,&quot;335559739&quot;:0,&quot;335559740&quot;:240}\">\u00a0<\/span><\/p>\n<ul>\n<li aria-setsize=\"-1\" data-leveltext=\"\uf0b7\" data-font=\"Symbol\" data-listid=\"18\" data-list-defn-props=\"{&quot;335552541&quot;:1,&quot;335559685&quot;:1440,&quot;335559991&quot;:360,&quot;469769226&quot;:&quot;Symbol&quot;,&quot;469769242&quot;:&#091;8226&#093;,&quot;469777803&quot;:&quot;left&quot;,&quot;469777804&quot;:&quot;\uf0b7&quot;,&quot;469777815&quot;:&quot;hybridMultilevel&quot;}\" data-aria-posinset=\"1\" data-aria-level=\"1\"><span data-contrast=\"none\">Egy gyermek ut\u00e1n 100\u202f000 Ft \u00e1tal\u00e1ny\u00f6sszeg\u0171 t\u00e1mogat\u00e1sra lehetett p\u00e1ly\u00e1zni, r\u00e9szletes k\u00f6lts\u00e9gvet\u00e9ssel.\u00a0<\/span><span data-ccp-props=\"{&quot;201341983&quot;:0,&quot;335551550&quot;:6,&quot;335551620&quot;:6,&quot;335559685&quot;:709,&quot;335559739&quot;:0,&quot;335559740&quot;:240,&quot;335559991&quot;:283}\">\u00a0<\/span><\/li>\n<\/ul>\n<p><span data-ccp-props=\"{&quot;201341983&quot;:0,&quot;335551550&quot;:6,&quot;335551620&quot;:6,&quot;335559685&quot;:709,&quot;335559739&quot;:0,&quot;335559740&quot;:240}\">\u00a0<\/span><\/p>\n<p><b><span data-contrast=\"none\">5. Szoci\u00e1lis munka <\/span><\/b><span data-contrast=\"none\">\u2013 \u00daj, hi\u00e1nyz\u00f3 szolg\u00e1ltat\u00e1s bevezet\u00e9s\u00e9t, meger\u0151s\u00edt\u00e9s\u00e9t lehet\u0151v\u00e9 tev\u0151 program, b\u00e9rt\u00e1mogat\u00e1ssal. Egy f\u00e9l vagy eg\u00e9sz \u00e1ll\u00e1s\u00fa szoci\u00e1lis munk\u00e1s b\u00e9r\u00e9nek t\u00e1mogat\u00e1sa f\u00e9l \u00e9ven kereszt\u00fcl.<\/span><span data-ccp-props=\"{&quot;201341983&quot;:0,&quot;335551550&quot;:6,&quot;335551620&quot;:6,&quot;335559739&quot;:0,&quot;335559740&quot;:240}\">\u00a0<\/span><\/p>\n<ul>\n<li aria-setsize=\"-1\" data-leveltext=\"\uf0b7\" data-font=\"Symbol\" data-listid=\"21\" data-list-defn-props=\"{&quot;335552541&quot;:1,&quot;335559685&quot;:720,&quot;335559991&quot;:360,&quot;469769226&quot;:&quot;Symbol&quot;,&quot;469769242&quot;:&#091;8226&#093;,&quot;469777803&quot;:&quot;left&quot;,&quot;469777804&quot;:&quot;\uf0b7&quot;,&quot;469777815&quot;:&quot;hybridMultilevel&quot;}\" data-aria-posinset=\"1\" data-aria-level=\"1\"><span data-contrast=\"none\">f\u00e9l\u00e1ll\u00e1s\u00fa szoci\u00e1lis munk\u00e1s alkalmaz\u00e1s\u00e1nak fedezete, szuperbrutt\u00f3 355 500 HUF\/h\u00f3, 6 h\u00f3napra, \u00f6sszesen 2 133 000 Ft \u00e9rt\u00e9kben.\u202f\u202f<\/span><span data-ccp-props=\"{&quot;134233117&quot;:false,&quot;134233118&quot;:false,&quot;201341983&quot;:0,&quot;335551550&quot;:6,&quot;335551620&quot;:6,&quot;335559738&quot;:0,&quot;335559739&quot;:0,&quot;335559740&quot;:240}\">\u00a0<\/span><\/li>\n<\/ul>\n<ul>\n<li aria-setsize=\"-1\" data-leveltext=\"\uf0b7\" data-font=\"Symbol\" data-listid=\"21\" data-list-defn-props=\"{&quot;335552541&quot;:1,&quot;335559685&quot;:720,&quot;335559991&quot;:360,&quot;469769226&quot;:&quot;Symbol&quot;,&quot;469769242&quot;:&#091;8226&#093;,&quot;469777803&quot;:&quot;left&quot;,&quot;469777804&quot;:&quot;\uf0b7&quot;,&quot;469777815&quot;:&quot;hybridMultilevel&quot;}\" data-aria-posinset=\"2\" data-aria-level=\"1\"><span data-contrast=\"none\">F\u0151\u00e1ll\u00e1s\u00fa szoci\u00e1lis munk\u00e1s alkalmaz\u00e1s\u00e1nak fedezete, szuperbrutt\u00f3 711 000 HUF\/h\u00f3, 6 h\u00f3napra, \u00f6sszesen 4 266 000 Ft \u00e9rt\u00e9kben.\u202f<\/span><span data-ccp-props=\"{&quot;134233117&quot;:false,&quot;134233118&quot;:false,&quot;201341983&quot;:0,&quot;335551550&quot;:6,&quot;335551620&quot;:6,&quot;335559738&quot;:0,&quot;335559739&quot;:0,&quot;335559740&quot;:240}\">\u00a0<\/span><\/li>\n<\/ul>\n<p><span data-ccp-props=\"{&quot;201341983&quot;:0,&quot;335551550&quot;:6,&quot;335551620&quot;:6,&quot;335559685&quot;:720,&quot;335559739&quot;:0,&quot;335559740&quot;:240}\">\u00a0<\/span><\/p>\n<ol>\n<li aria-setsize=\"-1\" data-leveltext=\"%1.\" data-font=\"\" data-listid=\"9\" data-list-defn-props=\"{&quot;335552541&quot;:0,&quot;335559685&quot;:720,&quot;335559991&quot;:360,&quot;469769242&quot;:&#091;65533,0&#093;,&quot;469777803&quot;:&quot;left&quot;,&quot;469777804&quot;:&quot;%1.&quot;,&quot;469777815&quot;:&quot;hybridMultilevel&quot;}\" data-aria-posinset=\"6\" data-aria-level=\"1\"><b><span data-contrast=\"none\">Mikroprojekt <\/span><\/b><span data-contrast=\"none\">&#8211; Befogad\u00e1st er\u0151s\u00edt\u0151, helyi civil kezdem\u00e9nyez\u00e9sek megval\u00f3s\u00edt\u00e1s\u00e1t lehet\u0151v\u00e9 tev\u0151 kisprojektek t\u00e1mogat\u00e1sa (ez csak terv volt, az egyik t\u00e1mogat\u00f3 nem hagyta j\u00f3v\u00e1 a programelem megval\u00f3s\u00edt\u00e1s\u00e1t.)\u00a0\u00a0<\/span><span data-ccp-props=\"{&quot;201341983&quot;:0,&quot;335551550&quot;:6,&quot;335551620&quot;:6,&quot;335559739&quot;:0,&quot;335559740&quot;:240}\">\u00a0<\/span><\/li>\n<\/ol>\n<p><span data-ccp-props=\"{&quot;201341983&quot;:0,&quot;335551550&quot;:6,&quot;335551620&quot;:6,&quot;335559685&quot;:720,&quot;335559739&quot;:0,&quot;335559740&quot;:240}\">\u00a0<\/span><\/p>\n<p><b><span data-contrast=\"none\">Tr\u00e9ningek, online m\u0171helymunk\u00e1k, <\/span><\/b><span data-contrast=\"none\">amelyek a fentieket seg\u00edtik \u00e9s t\u00e9r\u00edt\u00e9smentesen vehet\u0151k ig\u00e9nybe a szakemeberek sz\u00e1m\u00e1ra. \u00d6sszesen 12 f\u00e9le k\u00e9pz\u00e9st k\u00edn\u00e1ltunk: Traumaszenzit\u00edv megk\u00f6zel\u00edt\u00e9s a nevel\u00e9sben, Egyszer\u0171bb gyermekkor, Persona Doll, L\u00e9p\u00e9sr\u0151l l\u00e9p\u00e9sre \u00f3vodai \u00e9s iskolai tr\u00e9ning, Szolg\u00e1ltat\u00e1sok integr\u00e1ci\u00f3ja, Kapcsol\u00f3d\u00f3 nevel\u00e9s, Gyermekmedi\u00e1ci\u00f3, Medi\u00e1ci\u00f3, Resztorat\u00edv gyakorlatok, Szexu\u00e1lis nevel\u00e9s, T\u00e1rsasj\u00e1t\u00e9k mint eszk\u00f6z a tan\u00edt\u00e1sban, nevel\u00e9sben.<\/span><span data-ccp-props=\"{&quot;201341983&quot;:0,&quot;335551550&quot;:6,&quot;335551620&quot;:6,&quot;335559739&quot;:0,&quot;335559740&quot;:240}\">\u00a0<\/span><\/p>\n<p><span data-ccp-props=\"{&quot;201341983&quot;:0,&quot;335551550&quot;:6,&quot;335551620&quot;:6,&quot;335559739&quot;:0,&quot;335559740&quot;:240}\">\u00a0<\/span><\/p>\n<p><b><span data-contrast=\"none\">Az Els\u0151 a gyermek program megval\u00f3sul\u00e1sa<\/span><\/b><span data-ccp-props=\"{&quot;201341983&quot;:0,&quot;335551550&quot;:6,&quot;335551620&quot;:6,&quot;335559739&quot;:0,&quot;335559740&quot;:240}\">\u00a0<\/span><\/p>\n<p><span data-ccp-props=\"{&quot;201341983&quot;:0,&quot;335551550&quot;:6,&quot;335551620&quot;:6,&quot;335559739&quot;:0,&quot;335559740&quot;:240}\">\u00a0<\/span><span data-contrast=\"none\">A p\u00e1ly\u00e1zati felh\u00edv\u00e1sra 47 szervezett\u0151l \u00f6sszesen 94 p\u00e1ly\u00e1zat \u00e9rkezett, ebb\u0151l v\u00e1lasztotta ki egy erre a c\u00e9lra fel\u00e1ll\u00edtott bels\u0151 szakmai b\u00edr\u00e1l\u00f3 bizotts\u00e1g a nyerteseket.\u00a0<\/span><span data-ccp-props=\"{&quot;201341983&quot;:0,&quot;335551550&quot;:6,&quot;335551620&quot;:6,&quot;335559739&quot;:0,&quot;335559740&quot;:240}\">\u00a0<\/span><\/p>\n<p><span data-contrast=\"none\">Az al\u00e1bbi t\u00e9rk\u00e9pen l\u00e1that\u00f3, hogy melyik telep\u00fcl\u00e9seken milyen programelemek val\u00f3sultak meg.\u00a0<\/span><span data-ccp-props=\"{&quot;201341983&quot;:0,&quot;335551550&quot;:6,&quot;335551620&quot;:6,&quot;335559739&quot;:0,&quot;335559740&quot;:240}\">\u00a0<\/span><\/p>\n<p>&nbsp;<\/p>\n<p><span data-ccp-props=\"{&quot;201341983&quot;:0,&quot;335551550&quot;:6,&quot;335551620&quot;:6,&quot;335559739&quot;:0,&quot;335559740&quot;:240}\"><a href=\"http:\/\/partnershungary.hu\/wp-content\/uploads\/2025\/10\/Kepernyofoto-2025-10-12-20.02.49.png\"><img loading=\"lazy\" decoding=\"async\" class=\"alignnone size-medium wp-image-5226\" src=\"http:\/\/partnershungary.hu\/wp-content\/uploads\/2025\/10\/Kepernyofoto-2025-10-12-20.02.49-300x194.png\" alt=\"\" width=\"300\" height=\"194\" srcset=\"https:\/\/partnershungary.hu\/wp-content\/uploads\/2025\/10\/Kepernyofoto-2025-10-12-20.02.49-300x194.png 300w, https:\/\/partnershungary.hu\/wp-content\/uploads\/2025\/10\/Kepernyofoto-2025-10-12-20.02.49-600x389.png 600w, https:\/\/partnershungary.hu\/wp-content\/uploads\/2025\/10\/Kepernyofoto-2025-10-12-20.02.49-1024x663.png 1024w, https:\/\/partnershungary.hu\/wp-content\/uploads\/2025\/10\/Kepernyofoto-2025-10-12-20.02.49-768x497.png 768w, https:\/\/partnershungary.hu\/wp-content\/uploads\/2025\/10\/Kepernyofoto-2025-10-12-20.02.49-18x12.png 18w, https:\/\/partnershungary.hu\/wp-content\/uploads\/2025\/10\/Kepernyofoto-2025-10-12-20.02.49.png 1220w\" sizes=\"auto, (max-width: 300px) 100vw, 300px\" \/><\/a>\u00a0<\/span><\/p>\n<p>&nbsp;<\/p>\n<p><b><span data-contrast=\"none\">A legfontosabb eredm\u00e9nyek<\/span><\/b><span data-ccp-props=\"{&quot;201341983&quot;:0,&quot;335551550&quot;:6,&quot;335551620&quot;:6,&quot;335559739&quot;:0,&quot;335559740&quot;:240}\">\u00a0<\/span><\/p>\n<p><span data-ccp-props=\"{&quot;201341983&quot;:0,&quot;335551550&quot;:6,&quot;335551620&quot;:6,&quot;335559739&quot;:0,&quot;335559740&quot;:240}\">\u00a0<\/span><\/p>\n<p><span data-contrast=\"none\">A telep\u00fcl\u00e9si koragyermekkori strat\u00e9gi\u00e1t a Primokiz m\u00f3dszerrel hat \u00f6nkorm\u00e1nyzat alkotta meg: Budapesten a 4. ker\u00fclet (\u00dajpest), \u00e9s a XIII. ker\u00fclet (Angyalf\u00f6ld), B\u00e9k\u00e9ss\u00e1mson, Gy\u0151rszemere, K\u00e1ll\u00f3semj\u00e9n \u00e9s Tarpa. Gy\u0151rszemer\u00e9n \u00e9s \u00dajpesten a k\u00e9pvisel\u0151test\u00fcletek is elfogadt\u00e1k a strat\u00e9gi\u00e1t.<\/span><span data-ccp-props=\"{&quot;201341983&quot;:0,&quot;335551550&quot;:6,&quot;335551620&quot;:6,&quot;335559739&quot;:0,&quot;335559740&quot;:240}\">\u00a0<\/span><\/p>\n<p><span data-contrast=\"none\">Emellett minden telep\u00fcl\u00e9sen l\u00e9trej\u00f6tt \u00e9s egy olyan interszektor\u00e1lis team, az \u00fagynevezett helyi akci\u00f3csoport, melynek tagjai k\u00e9pesek elmozd\u00edtani a helyi szolg\u00e1ltat\u00f3 rendszert az integr\u00e1lt szolg\u00e1ltat\u00e1sok ir\u00e1ny\u00e1ba.\u00a0<\/span><span data-ccp-props=\"{&quot;201341983&quot;:0,&quot;335551550&quot;:6,&quot;335551620&quot;:6,&quot;335559739&quot;:0,&quot;335559740&quot;:240}\">\u00a0<\/span><\/p>\n<p><span data-contrast=\"none\">12 j\u00e1t\u00e9kk\u00f6zpont az\u00f3ta is m\u0171k\u00f6dik. Ezekr\u0151l b\u0151vebben itt olvashat: <\/span><a href=\"https:\/\/partnershungary.hu\/en\/jatekkozpontok\/\"><span data-contrast=\"none\">https:\/\/partnershungary.hu\/jatekkozpontok\/<\/span><\/a><span data-ccp-props=\"{&quot;201341983&quot;:0,&quot;335551550&quot;:6,&quot;335551620&quot;:6,&quot;335559739&quot;:0,&quot;335559740&quot;:240}\">\u00a0<\/span><\/p>\n<p><span data-ccp-props=\"{&quot;201341983&quot;:0,&quot;335551550&quot;:6,&quot;335551620&quot;:6,&quot;335559739&quot;:0,&quot;335559740&quot;:240}\">\u00a0<\/span><\/p>\n<p><span data-contrast=\"none\">6 telep\u00fcl\u00e9sen val\u00f3sult meg a roma medi\u00e1ci\u00f3s program: Egerben, Gy\u0151rszemer\u00e9n, Ibr\u00e1nyban, M\u00e1riap\u00f3cson, K\u00e1ll\u00f3semj\u00e9nben \u00e9s Szolnokon. Ezeken a helyeken van k\u00e9pzett interkultur\u00e1lis medi\u00e1tor, aki k\u00e9pes mozg\u00f3s\u00edtani a k\u00f6z\u00f6ss\u00e9get \u00e9s a helyi int\u00e9zm\u00e9nyeket egy-egy fontos \u00fcgy \u00e9rdek\u00e9ben, \u00e9s minden\u00fctt megval\u00f3sult egy-egy jelent\u0151sebb akci\u00f3, ami a k\u00f6z\u00f6ss\u00e9gi tervez\u00e9s eredm\u00e9nye volt:\u00a0<\/span><span data-ccp-props=\"{&quot;201341983&quot;:0,&quot;335551550&quot;:6,&quot;335551620&quot;:6,&quot;335559739&quot;:0,&quot;335559740&quot;:240}\">\u00a0<\/span><\/p>\n<p><span data-ccp-props=\"{&quot;201341983&quot;:0,&quot;335551550&quot;:6,&quot;335551620&quot;:6,&quot;335559739&quot;:0,&quot;335559740&quot;:240}\">\u00a0<\/span><\/p>\n<p><span data-contrast=\"none\">Egerben menek\u00fclt\u00fcgyi kerekasztal j\u00f6tt l\u00e9tre, ahol a szolg\u00e1ltat\u00e1sokhoz val\u00f3 hozz\u00e1f\u00e9r\u00e9s biztos\u00edt\u00e1sa volt a c\u00e9l, \u00e9s az ennek \u00fatj\u00e1ban \u00e1ll\u00f3 egyedi \u00e9s int\u00e9zm\u00e9nyes akad\u00e1lyok lek\u00fczd\u00e9se.<\/span><span data-contrast=\"none\">\u00a0<\/span><span data-ccp-props=\"{&quot;201341983&quot;:0,&quot;335551550&quot;:6,&quot;335551620&quot;:6,&quot;335559739&quot;:0,&quot;335559740&quot;:240}\">\u00a0<\/span><\/p>\n<p><span data-contrast=\"none\">Gy\u0151rszemer\u00e9n<\/span><span data-ccp-props=\"{&quot;201341983&quot;:0,&quot;335551550&quot;:6,&quot;335551620&quot;:6,&quot;335559739&quot;:0,&quot;335559740&quot;:240}\">\u00a0<\/span><\/p>\n<p><span data-contrast=\"none\">Ibr\u00e1nyban<\/span><span data-ccp-props=\"{&quot;201341983&quot;:0,&quot;335551550&quot;:6,&quot;335551620&quot;:6,&quot;335559739&quot;:0,&quot;335559740&quot;:240}\">\u00a0<\/span><\/p>\n<p><span data-contrast=\"none\">K\u00e1ll\u00f3semj\u00e9nben<\/span><span data-ccp-props=\"{&quot;201341983&quot;:0,&quot;335551550&quot;:6,&quot;335551620&quot;:6,&quot;335559739&quot;:0,&quot;335559740&quot;:240}\">\u00a0<\/span><\/p>\n<p><span data-contrast=\"none\">M\u00e1riap\u00f3cson<\/span><span data-ccp-props=\"{&quot;201341983&quot;:0,&quot;335551550&quot;:6,&quot;335551620&quot;:6,&quot;335559739&quot;:0,&quot;335559740&quot;:240}\">\u00a0<\/span><\/p>\n<p><span data-contrast=\"none\">Szolnokon<\/span><span data-ccp-props=\"{&quot;201341983&quot;:0,&quot;335551550&quot;:6,&quot;335551620&quot;:6,&quot;335559739&quot;:0,&quot;335559740&quot;:240}\">\u00a0<\/span><\/p>\n<p><span data-ccp-props=\"{&quot;201341983&quot;:0,&quot;335551550&quot;:6,&quot;335551620&quot;:6,&quot;335559739&quot;:0,&quot;335559740&quot;:240}\">\u00a0<\/span><\/p>\n<p><span data-contrast=\"none\">A k\u00e9pz\u00e9seinken orsz\u00e1gosan 300 szakember vett r\u00e9szt.\u00a0<\/span><span data-ccp-props=\"{&quot;201341983&quot;:0,&quot;335551550&quot;:6,&quot;335551620&quot;:6,&quot;335559739&quot;:0,&quot;335559740&quot;:240}\">\u00a0<\/span><\/p>\n<p>Olvassa el a programr\u00f3l k\u00e9sz\u00fclt \u00e9rt\u00e9kel\u00e9st!<\/p>\n<p><span data-ccp-props=\"{&quot;201341983&quot;:0,&quot;335551550&quot;:6,&quot;335551620&quot;:6,&quot;335559739&quot;:0,&quot;335559740&quot;:240}\">\u00a0<\/span><\/p>\n<p><span data-ccp-props=\"{&quot;201341983&quot;:0,&quot;335551550&quot;:6,&quot;335551620&quot;:6,&quot;335559739&quot;:0,&quot;335559740&quot;:240}\">\u00a0<\/span><\/p>\n<p><span data-ccp-props=\"{&quot;201341983&quot;:0,&quot;335551550&quot;:6,&quot;335551620&quot;:6,&quot;335559739&quot;:0,&quot;335559740&quot;:240}\">\u00a0<\/span><\/p>\n\n\t\t<\/div>\n\t<\/div>\n<\/div><\/div><\/div><\/div>\n<\/div>","protected":false},"excerpt":{"rendered":"<p>Az Els\u0151 a gyermek orsz\u00e1gos programot 2023-2024 sor\u00e1n val\u00f3s\u00edtotta meg a Partners Hungary Alap\u00edtv\u00e1ny. A program t\u00e1mogat\u00f3i a UNICEF, a WARCHILD, a Minderoo Alap\u00edtv\u00e1ny \u00e9s az International Step by Step Association voltak. A program \u00f6sszk\u00f6lts\u00e9gvet\u00e9se 999\u202f658 EUR volt.\u00a0<\/p>","protected":false},"author":2,"featured_media":0,"comment_status":"closed","ping_status":"open","sticky":false,"template":"","format":"standard","meta":{"_seopress_robots_primary_cat":"none","_seopress_titles_title":"","_seopress_titles_desc":"\u00cdgy t\u00e1mogattuk a haz\u00e1nkban tart\u00f3zkod\u00f3 menek\u00fcltek, mened\u00e9kes st\u00e1tusz\u00fa embereket \u00e9s a helyi befogad\u00f3 k\u00f6z\u00f6ss\u00e9gek \u00e9p\u00edt\u00e9s\u00e9t, meger\u0151s\u00edt\u00e9s\u00e9t.","_seopress_robots_index":"","footnotes":""},"categories":[78],"tags":[],"class_list":["post-5223","post","type-post","status-publish","format-standard","hentry","category-korabbi-projektek"],"_links":{"self":[{"href":"https:\/\/partnershungary.hu\/en\/wp-json\/wp\/v2\/posts\/5223","targetHints":{"allow":["GET"]}}],"collection":[{"href":"https:\/\/partnershungary.hu\/en\/wp-json\/wp\/v2\/posts"}],"about":[{"href":"https:\/\/partnershungary.hu\/en\/wp-json\/wp\/v2\/types\/post"}],"author":[{"embeddable":true,"href":"https:\/\/partnershungary.hu\/en\/wp-json\/wp\/v2\/users\/2"}],"replies":[{"embeddable":true,"href":"https:\/\/partnershungary.hu\/en\/wp-json\/wp\/v2\/comments?post=5223"}],"version-history":[{"count":0,"href":"https:\/\/partnershungary.hu\/en\/wp-json\/wp\/v2\/posts\/5223\/revisions"}],"wp:attachment":[{"href":"https:\/\/partnershungary.hu\/en\/wp-json\/wp\/v2\/media?parent=5223"}],"wp:term":[{"taxonomy":"category","embeddable":true,"href":"https:\/\/partnershungary.hu\/en\/wp-json\/wp\/v2\/categories?post=5223"},{"taxonomy":"post_tag","embeddable":true,"href":"https:\/\/partnershungary.hu\/en\/wp-json\/wp\/v2\/tags?post=5223"}],"curies":[{"name":"wp","href":"https:\/\/api.w.org\/{rel}","templated":true}]}}