{"id":5171,"date":"2025-09-02T16:15:16","date_gmt":"2025-09-02T15:15:16","guid":{"rendered":"https:\/\/partnershungary.hu\/?p=5171"},"modified":"2025-09-02T16:15:49","modified_gmt":"2025-09-02T15:15:49","slug":"jatekos-angoltanulas-kisgyermekkorban-modszertani-tovabbkepzes-ovodaban-bolcsodeben-dolgozo-szakembereknek","status":"publish","type":"post","link":"https:\/\/partnershungary.hu\/en\/jatekos-angoltanulas-kisgyermekkorban-modszertani-tovabbkepzes-ovodaban-bolcsodeben-dolgozo-szakembereknek\/","title":{"rendered":"J\u00e1t\u00e9kos angoltanul\u00e1s kisgyermekkorban: m\u00f3dszertani tov\u00e1bbk\u00e9pz\u00e9s \u00f3vod\u00e1ban, b\u00f6lcs\u0151d\u00e9ben dolgoz\u00f3 szakembereknek"},"content":{"rendered":"<div class=\"wpb-content-wrapper\"><div class=\"vc_row wpb_row vc_row-fluid\"><div class=\"wpb_column vc_column_container vc_col-sm-12\"><div class=\"vc_column-inner\"><div class=\"wpb_wrapper\">\n\t<div class=\"wpb_text_column wpb_content_element\" >\n\t\t<div class=\"wpb_wrapper\">\n\t\t\t<h2>Tegy\u00fck \u00e9lm\u00e9nny\u00e9 az angoltanul\u00e1st a legkisebbeknek \u2013 saj\u00e1t kez\u00fcnkben az eszk\u00f6z!<\/h2>\n<p>Early childhood is one of the most receptive periods for foreign language learning - an opportunity that more and more parents and institutions are recognising. An early, playful introduction to English can be not only useful but also highly enjoyable if approached with the right methodology.<\/p>\n<h3>Ez a 40 \u00f3r\u00e1s akkredit\u00e1lt k\u00e9pz\u00e9s azoknak sz\u00f3l, akik:<\/h3>\n<ul>\n<li>speak English at least at intermediate level,<\/li>\n<li>work in a nursery or kindergarten,<\/li>\n<li>want to run their own English sessions without outside help,<\/li>\n<li>attach importance to child-centred, experiential education.<\/li>\n<\/ul>\n<h3>Mi a c\u00e9lunk?<\/h3>\n<p>A tov\u00e1bbk\u00e9pz\u00e9s sor\u00e1n felv\u00e9rtezz\u00fck r\u00e9sztvev\u0151inket minden sz\u00fcks\u00e9ges tud\u00e1ssal \u00e9s gyakorlati tapasztalattal, amire egy sikeres angol nyelv\u0171 foglalkoz\u00e1s vezet\u00e9s\u00e9hez sz\u00fcks\u00e9ge lehet. Nemcsak j\u00e1t\u00e9kokat \u00e9s eszk\u00f6z\u00f6ket mutatunk, hanem megtan\u00edtjuk \u0151ket arra is, hogyan haszn\u00e1lj\u00e1k \u0151ket hat\u00e9konyan, biztons\u00e1gosan \u00e9s kreat\u00edvan.<\/p>\n<h3>Mit tanulnak n\u00e1lunk a r\u00e9sztvev\u0151k?<\/h3>\n<ul>\n<li>Megismerik, hogyan saj\u00e1t\u00edtj\u00e1k el a nyelvet a 2\u20138 \u00e9ves gyerekek, \u00e9s milyen m\u00f3dszerek m\u0171k\u00f6dnek n\u00e1luk legjobban.<\/li>\n<li>Elsaj\u00e1t\u00edtj\u00e1k az EFL (English as a Foreign Language) alapjait, t\u00e9m\u00e1it \u00e9s j\u00e1t\u00e9kait, amelyek az \u00f3vod\u00e1s koroszt\u00e1ly sz\u00e1m\u00e1ra ide\u00e1lisak.<\/li>\n<li>K\u00e9pesek lesznek foglalkoz\u00e1sokat \u00f6n\u00e1ll\u00f3an megtervezni, levezetni, \u00e9s rugalmasan reag\u00e1lni a gyerekek ig\u00e9nyeire.<\/li>\n<li>Megtanulj\u00e1k, hogyan kapcsolhatj\u00e1k \u00f6ssze a magyar \u00f3vodai nevel\u00e9si programot az angol nyelvi fejleszt\u00e9ssel.<\/li>\n<li>Gyakorlatot szereznek abban is, hogyan kommunik\u00e1lhatnak hat\u00e9konyan a sz\u00fcl\u0151kkel \u00e9s koll\u00e9g\u00e1kkal a korai nyelvoktat\u00e1s fontoss\u00e1g\u00e1r\u00f3l.<\/li>\n<\/ul>\n<h3>Mi\u00e9rt \u00e9rdemes jelentkezni?<\/h3>\n<ul>\n<li>Mert az angoltan\u00edt\u00e1s az \u00f3vodapedag\u00f3gus kez\u00e9be ker\u00fclhet \u2013 nem kell k\u00fcls\u0151 nyelvtan\u00e1rt h\u00edvni.<\/li>\n<li>Mert a k\u00e9pz\u00e9s sor\u00e1n saj\u00e1t \u00e9lm\u00e9nyeken kereszt\u00fcl tanulhat, \u00e9s k\u00f6zvetlen\u00fcl alkalmazhatja a tanultakat.<\/li>\n<li>Mert a gyerekek im\u00e1dni fogj\u00e1k az angolos foglalkoz\u00e1saidat \u2013 \u00f6n pedig magabiztos \u00e9s felk\u00e9sz\u00fclt lesz.<\/li>\n<\/ul>\n<p>&nbsp;<\/p>\n<h3>Kik az oktat\u00f3k?<\/h3>\n<p>A k\u00e9pz\u00e9st az Eur\u00f3pai Nyelvi D\u00edjjal kit\u00fcntetett j\u00f3zsefv\u00e1rosi \u00f3vodai angol program kifejleszt\u0151i \u00e9s oktat\u00f3i, Dr. Kov\u00e1cs Ivett Judit \u00e9s Szolga-T\u00f3th Melinda tartja.<\/p>\n<p>&nbsp;<\/p>\n<h3>Jelentkez\u00e9si felt\u00e9telek<\/h3>\n<p>A k\u00e9pz\u00e9shez nem sz\u00fcks\u00e9ges hivatalos nyelvvizsga, de magabiztos, \u00e9l\u0151 angoltud\u00e1s igen. Akkor vagy ide\u00e1lis jelentkez\u0151, ha term\u00e9szetesen, k\u00f6nnyed\u00e9n tudsz kommunik\u00e1lni angolul, \u00e9s a besz\u00e9ded j\u00f3l \u00e9rthet\u0151 a gyermekek sz\u00e1m\u00e1ra is.<\/p>\n<p>&nbsp;<\/p>\n<h2>Pedag\u00f3gus tov\u00e1bbk\u00e9pz\u00e9seinket \u00f3vodai nevel\u0151test\u00fcletek \u00e9s \u00e1ltal\u00e1nos iskolai tantest\u00fcletek megkeres\u00e9seire szervezz\u00fck \u00e9s tartjuk meg. \u00c9rdekl\u0151d\u00e9s eset\u00e9n \u00edrjanak nek\u00fcnk: kepzes@partnershungary.hu<\/h2>\n\n\t\t<\/div>\n\t<\/div>\n<\/div><\/div><\/div><\/div>\n<\/div>","protected":false},"excerpt":{"rendered":"Tegy\u00fck \u00e9lm\u00e9nny\u00e9 az angoltanul\u00e1st a legkisebbeknek \u2013 saj\u00e1t kez\u00fcnkben az eszk\u00f6z! A kisgyermekkor az egyik legfog\u00e9konyabb id\u0151szak az idegennyelv-elsaj\u00e1t\u00edt\u00e1s szempontj\u00e1b\u00f3l \u2013 ezt a lehet\u0151s\u00e9get egyre t\u00f6bb sz\u00fcl\u0151 \u00e9s int\u00e9zm\u00e9ny ismeri fel. Az angol nyelv korai, j\u00e1t\u00e9kos megismertet\u00e9se nemcsak hasznos, hanem rendk\u00edv\u00fcl \u00e9lvezetes is lehet, ha a megfelel\u0151 m\u00f3dszertannal k\u00f6zel\u00edt\u00fcnk hozz\u00e1. Ez a 40 \u00f3r\u00e1s akkredit\u00e1lt [...]","protected":false},"author":2,"featured_media":0,"comment_status":"closed","ping_status":"open","sticky":false,"template":"","format":"standard","meta":{"_seopress_robots_primary_cat":"none","_seopress_titles_title":"","_seopress_titles_desc":"Az angol nyelv korai, j\u00e1t\u00e9kos megismertet\u00e9se hasznos \u00e9s rendk\u00edv\u00fcl \u00e9lvezetes is lehet, ha a megfelel\u0151 m\u00f3dszertannal k\u00f6zel\u00edt\u00fcnk hozz\u00e1 - most te is megtanulhatod!","_seopress_robots_index":"","footnotes":""},"categories":[20],"tags":[],"class_list":["post-5171","post","type-post","status-publish","format-standard","hentry","category-pedagogus-tovabbkepzes"],"_links":{"self":[{"href":"https:\/\/partnershungary.hu\/en\/wp-json\/wp\/v2\/posts\/5171","targetHints":{"allow":["GET"]}}],"collection":[{"href":"https:\/\/partnershungary.hu\/en\/wp-json\/wp\/v2\/posts"}],"about":[{"href":"https:\/\/partnershungary.hu\/en\/wp-json\/wp\/v2\/types\/post"}],"author":[{"embeddable":true,"href":"https:\/\/partnershungary.hu\/en\/wp-json\/wp\/v2\/users\/2"}],"replies":[{"embeddable":true,"href":"https:\/\/partnershungary.hu\/en\/wp-json\/wp\/v2\/comments?post=5171"}],"version-history":[{"count":0,"href":"https:\/\/partnershungary.hu\/en\/wp-json\/wp\/v2\/posts\/5171\/revisions"}],"wp:attachment":[{"href":"https:\/\/partnershungary.hu\/en\/wp-json\/wp\/v2\/media?parent=5171"}],"wp:term":[{"taxonomy":"category","embeddable":true,"href":"https:\/\/partnershungary.hu\/en\/wp-json\/wp\/v2\/categories?post=5171"},{"taxonomy":"post_tag","embeddable":true,"href":"https:\/\/partnershungary.hu\/en\/wp-json\/wp\/v2\/tags?post=5171"}],"curies":[{"name":"wp","href":"https:\/\/api.w.org\/{rel}","templated":true}]}}