{"id":4349,"date":"2024-07-06T14:23:14","date_gmt":"2024-07-06T13:23:14","guid":{"rendered":"https:\/\/partnershungary.hu\/?p=4349"},"modified":"2024-12-16T12:11:34","modified_gmt":"2024-12-16T11:11:34","slug":"mobil-atekkozpont","status":"publish","type":"post","link":"https:\/\/partnershungary.hu\/en\/mobil-atekkozpont\/","title":{"rendered":"Mobile Play Centre for inclusion and early childhood development and learning"},"content":{"rendered":"<p>Vannak gyerekek, akiknek nem adatik meg az, hogy j\u00e1t\u00e9kokon kereszt\u00fcl fedezz\u00e9k fel a vil\u00e1got, \u00e9s j\u00e1t\u00e9kosan fejl\u0151dhessenek mozg\u00e1sos, kognit\u00edv, logikai \u00e9s szoci\u00e1lis k\u00e9szs\u00e9geik. Gyakran \u0151k a h\u00e1tr\u00e1nyos helyzet\u0171 \u00e9s menek\u00fclt csal\u00e1dok gyerekei &#8211; pedig a j\u00e1tk a gyerekek univerz\u00e1lis nyelve, amelyen kereszt\u00fcl megmutathatj\u00e1k magukat a vil\u00e1gnak, felfedezhetik mi mindenre k\u00e9pesek, \u00e9s \u00f6r\u00f6m\u00f6t lelhetnek abban, ahogyan egyed\u00fcl vagy m\u00e1sokkal tev\u00e9kenykednek. Az ICDI \u00e1ltal kifejlesztett TOY4Inclusion (J\u00e1t\u00e9kkal a befogad\u00e1s\u00e9rt) m\u00f3dszertannal m\u0171k\u00f6d\u0151 Mobil J\u00e1t\u00e9kt\u00e1r aut\u00f3 \u00e9ppen ebben seg\u00edt. Programunkban a m\u00e1r megl\u00e9v\u0151 Mobil J\u00e1t\u00e9kk\u00f6zpontunk m\u0171k\u00f6dtet\u00e9s\u00e9nek gazdag\u00edt\u00e1sa a c\u00e9l. Az aut\u00f3 f\u0151leg a Gy\u00e1li \u00fati \u00e9s a Zugligeti \u00fati menek\u00fcltsz\u00e1ll\u00f3n ny\u00fajt szolg\u00e1ltat\u00e1st, ahol Ukrajn\u00e1b\u00f3l menek\u00fclt, magyar ajk\u00fa roma csal\u00e1dok \u00e9lnek. Az aut\u00f3 heti k\u00e9tszer viszi mindk\u00e9t helysz\u00ednre a szabad \u00e9s facilit\u00e1lt j\u00e1t\u00e9k \u00f6r\u00f6m\u00e9t \u00e9s fejleszt\u0151 hat\u00e1sait egy szakk\u00e9pzett koordin\u00e1tor seg\u00edts\u00e9g\u00e9vel.<\/p>\n<h3>Akikkel dolgozunk, kik\u00e9rt dolgozunk:<\/h3>\n<ul>\n<li>Menek\u00fclt kisgyermekek (\u00e9s sz\u00fcleik), akik menek\u00fcltsz\u00e1ll\u00f3n \u00e9lnek \u00e9s a j\u00e1t\u00e9kokhoz val\u00f3 hozz\u00e1f\u00e9r\u00e9s\u00fck korl\u00e1tozott, a t\u00f6bbs\u00e9gi gyermekekhez k\u00e9pest kevesebb \u00f6r\u00f6m- \u00e9s \u00e9lm\u00e9nyforr\u00e1shoz jutnak, \u00e9letter\u00fck besz\u0171k\u00fclt.<\/li>\n<li>A budapesti 9. ker\u00fcleti t\u00f6bbs\u00e9gi \u00e9s roma gyermekek<\/li>\n<\/ul>\n<h3>Ezt tessz\u00fck a programban:<\/h3>\n<ul>\n<li>Gazdag\u00edtjuk a J\u00e1t\u00e9kk\u00f6zpont mindennapos m\u0171k\u00f6d\u00e9s\u00e9t programokkal \u00e9s j\u00e1t\u00e9kokkal<\/li>\n<li>Eg\u00e9sznapos \u00e9lm\u00e9nyprogramokat szervez\u00fcnk a ny\u00e1r sor\u00e1n<\/li>\n<li>Kitelep\u00fcl\u00e9seket v\u00e1llalunk a 9. ker\u00fcleti csal\u00e1di esem\u00e9nyekre<\/li>\n<li>Kutat\u00e1st \u00edrunk a mobil j\u00e1t\u00e9kk\u00f6zpont m\u0171k\u00f6d\u00e9s\u00e9r\u0151l<\/li>\n<\/ul>\n<p>&nbsp;<\/p>\n<h3>A projekt id\u0151tartama:<\/h3>\n<p>2024.05.01.-2024.10.31.<\/p>\n<p>&nbsp;<\/p>\n<h3>\u00cdgy lesz jobb a vil\u00e1g a program \u00e1ltal:<\/h3>\n<ul>\n<li>A sz\u00e1ll\u00f3n \u00e9l\u0151 gyermekek mindennapjai \u00e9lm\u00e9nyben gazdagabb\u00e1 v\u00e1lnak.<\/li>\n<li>A sz\u00e1ll\u00f3n \u00e9l\u0151 gyermekek eg\u00e9sz napos \u00e9lm\u00e9nyprogramokon vehetnek r\u00e9szt a ny\u00e1ron, \u00e9s eljutnak a 9. ker\u00fcleti csal\u00e1di esem\u00e9nyekre is, ahol budapesti csal\u00e1dokkal ismerkedhetnek meg, \u00e9p\u00edthetnek kapcsolatokat.<\/li>\n<li>\u00cdgy v\u00e1lik teljesebb\u00e9 a sz\u00e1ll\u00f3n \u00e9l\u0151 gyermekek t\u00e1rsadalmi integr\u00e1ci\u00f3ja.<\/li>\n<li>A csal\u00e1di esem\u00e9nyeken r\u00e9szt vev\u0151 t\u00f6bbs\u00e9gi csal\u00e1dok \u00e9rz\u00e9kenyebb\u00e9 v\u00e1lnak a soksz\u00edn\u0171s\u00e9g, befogad\u00e1s ter\u00e9n, hiszen \u00e9l\u0151 kapcsolatuk lesz a menek\u00fclt csal\u00e1dokkal.<\/li>\n<li>K\u00e9sz\u00fcl egy adatgy\u0171jt\u00e9sen alapul\u00f3 kutat\u00e1si besz\u00e1mol\u00f3 a j\u00e1t\u00e9kt\u00e1r m\u0171k\u00f6d\u00e9s\u00e9r\u0151l, amely seg\u00edts\u00e9g\u00e9vel m\u00e9g jobban l\u00e1tjuk, hol van a hasonl\u00f3 kezdem\u00e9nyez\u00e9sekre sz\u00fcks\u00e9g, mi az, amit m\u00e9g tehet\u00fcnk a csal\u00e1dok\u00e9rt.<\/li>\n<\/ul>\n<p>&nbsp;<\/p>\n<h3>A projektben r\u00e9sztvev\u0151 szakmai partnerek:<\/h3>\n<ul>\n<li>Ferencv\u00e1rosi Szoci\u00e1lis \u00e9s Gyermekj\u00f3l\u00e9ti Int\u00e9zm\u00e9nyek Igazgat\u00f3s\u00e1ga, Budapesti M\u00f3dszertani Szoci\u00e1lis K\u00f6zpont \u00e9s<\/li>\n<li>Int\u00e9zm\u00e9nyei (Menek\u00fcltek, befogadottak, oltalmazottak ideiglenes ell\u00e1t\u00e1sa \u2013 1097 Budapest, Gy\u00e1li \u00fat 33-35., Pedag\u00f3gus- \u00e9s N\u0151v\u00e9rsz\u00e1ll\u00f3<\/li>\n<\/ul>\n<p>&nbsp;<\/p>\n<p><span class=\"TextRun Highlight MacChromeBold SCXW76250768 BCX0\" lang=\"HU-HU\" xml:lang=\"HU-HU\" data-contrast=\"none\"><span class=\"NormalTextRun SCXW76250768 BCX0\" data-ccp-charstyle=\"normaltextrun\" data-ccp-charstyle-defn=\"{&quot;ObjectId&quot;:&quot;9c4f2cc1-78e2-4f4a-a931-304852665a24|74&quot;,&quot;ClassId&quot;:1073872969,&quot;Properties&quot;:[201342446,&quot;1&quot;,201342447,&quot;5&quot;,201342448,&quot;1&quot;,201342449,&quot;1&quot;,469777841,&quot;Calibri&quot;,469777842,&quot;&quot;,469777843,&quot;Calibri&quot;,469777844,&quot;Calibri&quot;,201341986,&quot;1&quot;,469769226,&quot;Calibri&quot;,268442635,&quot;22&quot;,469775450,&quot;normaltextrun&quot;,201340122,&quot;1&quot;,134233614,&quot;true&quot;,469778129,&quot;normaltextrun&quot;,335572020,&quot;1&quot;,469778324,&quot;Default Paragraph Font&quot;]}\">Az UMGYEB-2024 projekt az UNICEF Region\u00e1lis Ukr\u00e1n Menek\u00fcltprogram Magyarorsz\u00e1gi Irod\u00e1ja \u00e1ltal biztos\u00edtott forr\u00e1sokb\u00f3l, Budapest F\u0151v\u00e1ros \u00d6nkorm\u00e1nyzata \u00e1ltal meghat\u00e1rozott felt\u00e9telekkel a F\u0151v\u00e1rosi Szoci\u00e1lis K\u00f6zalap\u00edtv\u00e1ny \u00e1ltal ki\u00edrt \u00e9s lebonyol\u00edtott \u201cUkrajn\u00e1b\u00f3l menek\u00fclt gyermekek ell\u00e1t\u00e1sa \u00e9s befogad\u00e1sa\u201d nev\u0171 koragyermekkori ell\u00e1t\u00e1st t\u00e1mogat\u00f3 p\u00e1ly\u00e1zat keret\u00e9ben val\u00f3sulhatott meg.<\/span><\/span><span class=\"TextRun Highlight SCXW76250768 BCX0\" lang=\"HU-HU\" xml:lang=\"HU-HU\" data-contrast=\"none\"><span class=\"NormalTextRun SCXW76250768 BCX0\" data-ccp-charstyle=\"eop\" data-ccp-charstyle-defn=\"{&quot;ObjectId&quot;:&quot;9c4f2cc1-78e2-4f4a-a931-304852665a24|75&quot;,&quot;ClassId&quot;:1073872969,&quot;Properties&quot;:[201342446,&quot;1&quot;,201342447,&quot;5&quot;,201342448,&quot;1&quot;,201342449,&quot;1&quot;,469777841,&quot;Calibri&quot;,469777842,&quot;&quot;,469777843,&quot;Calibri&quot;,469777844,&quot;Calibri&quot;,201341986,&quot;1&quot;,469769226,&quot;Calibri&quot;,268442635,&quot;22&quot;,469775450,&quot;eop&quot;,201340122,&quot;1&quot;,134233614,&quot;true&quot;,469778129,&quot;eop&quot;,335572020,&quot;1&quot;,469778324,&quot;Default Paragraph Font&quot;]}\">\u202f<\/span><\/span><span class=\"EOP SCXW76250768 BCX0\" data-ccp-props=\"{&quot;201341983&quot;:0,&quot;335559739&quot;:160,&quot;335559740&quot;:259}\">\u00a0<\/span><\/p>\n<p>&nbsp;<\/p>\n<p><img loading=\"lazy\" decoding=\"async\" class=\"alignnone size-medium wp-image-4352\" src=\"http:\/\/partnershungary.hu\/wp-content\/uploads\/2024\/07\/Kepernyofoto-2024-07-06-15.21.43-300x232.png\" alt=\"\" width=\"300\" height=\"232\" srcset=\"https:\/\/partnershungary.hu\/wp-content\/uploads\/2024\/07\/Kepernyofoto-2024-07-06-15.21.43-300x232.png 300w, https:\/\/partnershungary.hu\/wp-content\/uploads\/2024\/07\/Kepernyofoto-2024-07-06-15.21.43-600x463.png 600w, https:\/\/partnershungary.hu\/wp-content\/uploads\/2024\/07\/Kepernyofoto-2024-07-06-15.21.43-16x12.png 16w, https:\/\/partnershungary.hu\/wp-content\/uploads\/2024\/07\/Kepernyofoto-2024-07-06-15.21.43.png 676w\" sizes=\"auto, (max-width: 300px) 100vw, 300px\" \/><\/p>\n","protected":false},"excerpt":{"rendered":"<p>UMGYEB-2024_08 tender (UNICEF and Budapest Social Public Foundation) <\/p>","protected":false},"author":2,"featured_media":4279,"comment_status":"closed","ping_status":"open","sticky":false,"template":"","format":"standard","meta":{"_seopress_robots_primary_cat":"none","_seopress_titles_title":"","_seopress_titles_desc":"Mobil J\u00e1t\u00e9kk\u00f6zpontunk heti k\u00e9tszer viszi a szabad \u00e9s facilit\u00e1lt j\u00e1t\u00e9k \u00f6r\u00f6m\u00e9t \u00e9s fejleszt\u0151 hat\u00e1sait menek\u00fcltsz\u00e1ll\u00f3kra. Most b\u0151v\u00edtj\u00fck az aut\u00f3 m\u0171k\u00f6d\u00e9s\u00e9t! ","_seopress_robots_index":"","footnotes":""},"categories":[78],"tags":[],"class_list":["post-4349","post","type-post","status-publish","format-standard","has-post-thumbnail","hentry","category-korabbi-projektek"],"_links":{"self":[{"href":"https:\/\/partnershungary.hu\/en\/wp-json\/wp\/v2\/posts\/4349","targetHints":{"allow":["GET"]}}],"collection":[{"href":"https:\/\/partnershungary.hu\/en\/wp-json\/wp\/v2\/posts"}],"about":[{"href":"https:\/\/partnershungary.hu\/en\/wp-json\/wp\/v2\/types\/post"}],"author":[{"embeddable":true,"href":"https:\/\/partnershungary.hu\/en\/wp-json\/wp\/v2\/users\/2"}],"replies":[{"embeddable":true,"href":"https:\/\/partnershungary.hu\/en\/wp-json\/wp\/v2\/comments?post=4349"}],"version-history":[{"count":0,"href":"https:\/\/partnershungary.hu\/en\/wp-json\/wp\/v2\/posts\/4349\/revisions"}],"wp:featuredmedia":[{"embeddable":true,"href":"https:\/\/partnershungary.hu\/en\/wp-json\/wp\/v2\/media\/4279"}],"wp:attachment":[{"href":"https:\/\/partnershungary.hu\/en\/wp-json\/wp\/v2\/media?parent=4349"}],"wp:term":[{"taxonomy":"category","embeddable":true,"href":"https:\/\/partnershungary.hu\/en\/wp-json\/wp\/v2\/categories?post=4349"},{"taxonomy":"post_tag","embeddable":true,"href":"https:\/\/partnershungary.hu\/en\/wp-json\/wp\/v2\/tags?post=4349"}],"curies":[{"name":"wp","href":"https:\/\/api.w.org\/{rel}","templated":true}]}}