{"id":3654,"date":"2023-05-03T11:18:59","date_gmt":"2023-05-03T10:18:59","guid":{"rendered":"https:\/\/partnershungary.hu\/?p=3654"},"modified":"2024-12-12T13:09:56","modified_gmt":"2024-12-12T12:09:56","slug":"primokiz-kisgyermekkori-onkormanyzati-strategia-kialakitasa","status":"publish","type":"post","link":"https:\/\/partnershungary.hu\/en\/primokiz-kisgyermekkori-onkormanyzati-strategia-kialakitasa\/","title":{"rendered":"Primokiz: Developing a strategy for early childhood governance"},"content":{"rendered":"<h4><span data-contrast=\"auto\">\u201dEgy eg\u00e9sz falura van sz\u00fcks\u00e9g egy gyermek felnevel\u00e9s\u00e9hez\u201d &#8211; ezt egyre gyakrabban halljuk a kora gyermekkori nevel\u00e9s-fejleszt\u00e9s kapcs\u00e1n. \u00c9s val\u00f3ban, komplex, \u00e9rt\u0151 \u00e9s el\u00e9rhet\u0151 t\u00e1mogat\u00e1sra van sz\u00fcks\u00e9ge a sz\u00fcl\u0151knek \u00e9s a gyerekekkel foglalkoz\u00f3 szakembereknek ahhoz, hogy j\u00f3l tudj\u00e1k t\u00e1mogatni a gyerekek \u00e9rzelmi-kognit\u00edv-t\u00e1rsas-fizikai fejl\u0151d\u00e9s\u00e9t a mindennapjaikban.<\/span><\/h4>\n<p><img loading=\"lazy\" decoding=\"async\" class=\"alignnone size-medium wp-image-3461\" src=\"http:\/\/partnershungary.hu\/wp-content\/uploads\/2023\/03\/Primokiz1-300x251.png\" alt=\"\" width=\"300\" height=\"251\" srcset=\"https:\/\/partnershungary.hu\/wp-content\/uploads\/2023\/03\/Primokiz1-300x251.png 300w, https:\/\/partnershungary.hu\/wp-content\/uploads\/2023\/03\/Primokiz1-600x503.png 600w, https:\/\/partnershungary.hu\/wp-content\/uploads\/2023\/03\/Primokiz1-768x644.png 768w, https:\/\/partnershungary.hu\/wp-content\/uploads\/2023\/03\/Primokiz1-14x12.png 14w, https:\/\/partnershungary.hu\/wp-content\/uploads\/2023\/03\/Primokiz1.png 940w\" sizes=\"auto, (max-width: 300px) 100vw, 300px\" \/><\/p>\n<p><span data-contrast=\"auto\">N\u00e9met \u00e9s sv\u00e1jci tapasztalatok alapj\u00e1n<\/span><span data-contrast=\"auto\"> kutat\u00e1sok is bizony\u00edtott\u00e1k az \u00e1ltalunk is \u00e9rz\u00e9kelt t\u00e9nyt, hogy mekkora sz\u00fcks\u00e9g van az ilyen t\u00edpus\u00fa kezdem\u00e9nyez\u00e9sekre, hi\u00e1nyp\u00f3tl\u00f3 szolg\u00e1ltat\u00e1sokra. 2019-t\u0151l m\u00e1r Szlov\u00e9ni\u00e1ban \u00e9s Rom\u00e1ni\u00e1ban is elind\u00edtott\u00e1k ezt a folyamatot, amely munka eredm\u00e9nyeit, buktat\u00f3it \u00e9s \u00f6r\u00f6meit a <i>PRIMOKIZ program<\/i>\u00a0ind\u00edt\u00e1sakor, 2022 febru\u00e1rj\u00e1ban, megosztott\u00e1k vel\u00fcnk Bukarestben, egy fantasztikus tr\u00e9ning keret\u00e9ben. <\/span><span data-ccp-props=\"{&quot;201341983&quot;:0,&quot;335551550&quot;:6,&quot;335551620&quot;:6,&quot;335559739&quot;:160,&quot;335559740&quot;:259}\">\u00a0<\/span><\/p>\n<p><b><span data-contrast=\"auto\"><img loading=\"lazy\" decoding=\"async\" class=\"alignnone size-medium wp-image-3462\" src=\"http:\/\/partnershungary.hu\/wp-content\/uploads\/2023\/03\/Primokiz2-225x300.jpg\" alt=\"\" width=\"225\" height=\"300\" srcset=\"https:\/\/partnershungary.hu\/wp-content\/uploads\/2023\/03\/Primokiz2-225x300.jpg 225w, https:\/\/partnershungary.hu\/wp-content\/uploads\/2023\/03\/Primokiz2-600x800.jpg 600w, https:\/\/partnershungary.hu\/wp-content\/uploads\/2023\/03\/Primokiz2-768x1024.jpg 768w, https:\/\/partnershungary.hu\/wp-content\/uploads\/2023\/03\/Primokiz2-1152x1536.jpg 1152w, https:\/\/partnershungary.hu\/wp-content\/uploads\/2023\/03\/Primokiz2-9x12.jpg 9w, https:\/\/partnershungary.hu\/wp-content\/uploads\/2023\/03\/Primokiz2.jpg 1536w\" sizes=\"auto, (max-width: 225px) 100vw, 225px\" \/><\/span><\/b><\/p>\n<p>&nbsp;<\/p>\n<h3><b><span data-contrast=\"auto\">A Primokiz program eredm\u00e9nye egy<\/span><\/b>\u00a0bar\u00e1ts\u00e1gos, gyermek \u00e9s csal\u00e1dk\u00f6zpont\u00fa telep\u00fcl\u00e9s<\/h3>\n<p><strong>Mit jelent a Primokiz program?<\/strong><\/p>\n<p data-ccp-props=\"{&quot;335559683&quot;:0,&quot;335559685&quot;:380,&quot;335559731&quot;:-360,&quot;335559737&quot;:2903,&quot;335562764&quot;:2,&quot;335562765&quot;:1,&quot;335562766&quot;:4,&quot;335562767&quot;:0,&quot;335562768&quot;:4,&quot;335562769&quot;:0}\"><span data-scheme-color=\"@231F20,,\" data-usefontface=\"true\" data-contrast=\"none\">Egy\u00a0<\/span><b><span data-scheme-color=\"@231F20,,\" data-usefontface=\"true\" data-contrast=\"none\">bizony\u00edt\u00e9kalap\u00fa <\/span><\/b><b><span data-scheme-color=\"@231F20,,\" data-usefontface=\"true\" data-contrast=\"none\">program<\/span><\/b><span data-scheme-color=\"@231F20,,\" data-usefontface=\"true\" data-contrast=\"none\">, amelyet a <\/span><b><span data-scheme-color=\"@231F20,,\" data-usefontface=\"true\" data-contrast=\"none\">Jacobs<\/span><\/b><b><span data-scheme-color=\"@231F20,,\" data-usefontface=\"true\" data-contrast=\"none\">\u00a0<\/span><\/b><b><span data-scheme-color=\"@231F20,,\" data-usefontface=\"true\" data-contrast=\"none\">Alap\u00edtv\u00e1ny f<\/span><\/b><b><span data-scheme-color=\"@231F20,,\" data-usefontface=\"true\" data-contrast=\"none\">ejlesztett ki\u00a0<\/span><\/b><span data-scheme-color=\"@231F20,,\" data-usefontface=\"true\" data-contrast=\"none\">a kisgyermekek min\u0151s\u00e9gi <\/span><span data-scheme-color=\"@231F20,,\" data-usefontface=\"true\" data-contrast=\"none\">szolg\u00e1ltat\u00e1sokhoz val\u00f3 hozz\u00e1f\u00e9r\u00e9s\u00e9nek <\/span><span data-scheme-color=\"@231F20,,\" data-usefontface=\"true\" data-contrast=\"none\">n\u00f6vel\u00e9se \u00e9rdek\u00e9ben.<\/span><\/p>\n<p data-ccp-props=\"{&quot;335559683&quot;:0,&quot;335559685&quot;:380,&quot;335559731&quot;:-360,&quot;335559737&quot;:8,&quot;335562764&quot;:2,&quot;335562765&quot;:1.01099,&quot;335562766&quot;:4,&quot;335562767&quot;:0,&quot;335562768&quot;:4,&quot;335562769&quot;:0}\"><b><span data-scheme-color=\"@231F20,,\" data-usefontface=\"true\" data-contrast=\"none\">T\u00f6bb f\u00e1zisb\u00f3l \u00e1ll\u00f3 m\u00f3dszertan \u00f6nkorm\u00e1nyzatok <\/span><\/b><b><span data-scheme-color=\"@231F20,,\" data-usefontface=\"true\" data-contrast=\"none\">sz\u00e1m\u00e1ra<\/span><\/b><span data-scheme-color=\"@231F20,,\" data-usefontface=\"true\" data-contrast=\"none\">, amelynek seg\u00edts\u00e9g\u00e9vel strat\u00e9giai, r\u00e9szv\u00e9teli<\/span><span data-scheme-color=\"@231F20,,\" data-usefontface=\"true\" data-contrast=\"none\"> \u00e9s \u00e9rz\u00e9keny m\u00f3don jav\u00edthatj\u00e1k a kisgyermekeknek<\/span><span data-scheme-color=\"@231F20,,\" data-usefontface=\"true\" data-contrast=\"none\">\u00a0ny\u00fajtott szolg\u00e1ltat\u00e1sokat.<\/span>\u200b<\/p>\n<p><span data-contrast=\"auto\">A Primokiz program a gyakorlatban azt jelenti, hogy nemzetk\u00f6zi p\u00e1ly\u00e1zati er\u0151forr\u00e1sb\u00f3l, szoros nemzetk\u00f6zi szakmai egy\u00fcttm\u0171k\u00f6d\u00e9ssel<\/span><span data-contrast=\"auto\"> lehet\u0151s\u00e9get teremt\u00fcnk arra, hogy t\u00f6bb magyarorsz\u00e1gi, helyi k\u00f6z\u00f6ss\u00e9gben, ahol ig\u00e9ny, \u00f6tlet \u00e9s kedv van, a kisgyermekeket nevel\u0151 sz\u00fcl\u0151k \u00e9s szakemberek \u00f6sszefogjanak \u00e9s a helyi \u00f6nkorm\u00e1nyzat t\u00e1mogat\u00e1sa mellett megval\u00f3s\u00edts\u00e1k \u00e1lmaikat.<\/span><span data-ccp-props=\"{&quot;201341983&quot;:0,&quot;335551550&quot;:6,&quot;335551620&quot;:6,&quot;335559739&quot;:160,&quot;335559740&quot;:259}\">\u00a0<\/span><\/p>\n<h3><b><span data-contrast=\"none\">Mit ny\u00fajt a Primokiz program?\u00a0<\/span><\/b><\/h3>\n<ul>\n<li data-leveltext=\"%1.\" data-font=\"Calibri\" data-listid=\"1\" data-list-defn-props=\"{&quot;335552541&quot;:0,&quot;335559684&quot;:-1,&quot;335559685&quot;:720,&quot;335559991&quot;:360,&quot;469769242&quot;:[65533,0],&quot;469777803&quot;:&quot;left&quot;,&quot;469777804&quot;:&quot;%1.&quot;,&quot;469777815&quot;:&quot;hybridMultilevel&quot;}\" aria-setsize=\"-1\" data-aria-posinset=\"1\" data-aria-level=\"1\"><span data-contrast=\"none\">Egyr\u00e9szt olyan k\u00e9pz\u00e9sekre \u00e9s k\u00e9pess\u00e9gn\u00f6vel\u0151 szolg\u00e1ltat\u00e1sokra jelentkezhetnek a program keret\u00e9n bel\u00fcl a p\u00e1ly\u00e1z\u00f3k, amelyek a kisgyermekeket nevel\u0151 szakembereket t\u00e1mogatj\u00e1k m\u00f3dszertanokkal \u00e9s protokollokkal, hogy m\u00e9g jobb pszichoszoci\u00e1lis t\u00e1mogat\u00e1st ny\u00fajtsanak a gyermekeknek \u00e9s csal\u00e1djaiknak Magyarorsz\u00e1gon.<\/span><span data-ccp-props=\"{&quot;201341983&quot;:0,&quot;335551550&quot;:6,&quot;335551620&quot;:6,&quot;335559738&quot;:80,&quot;335559739&quot;:80,&quot;335559740&quot;:259}\">\u00a0<\/span><\/li>\n<li>Az els\u0151 Pszichol\u00f3giai els\u0151seg\u00e9ly \u00e9s trauma\u00e9rz\u00e9keny\u00edt\u0151 tr\u00e9ning tr\u00e9nereknek sz\u00e1m\u00e1ra 2023.04.03-2023.04.05. k\u00f6z\u00f6tt ker\u00fclt megrendez\u00e9sre, Budapesten. A kik\u00e9pzett tr\u00e9nerek tov\u00e1bbi 200+ kora gyerekkori szakembernek adj\u00e1k tov\u00e1bb az itt megszerzett tud\u00e1st. A TUD\u00c1S\u00c1TAD\u00c1S LEHET\u0150S\u00c9G\u00c9R\u0150L H\u00cdRT ADUNK, \u00c9RDEMES FIGYELNI A HONLAPUNKAT \u00c9S A FACEBOOK OLDALUNKAT.<\/li>\n<\/ul>\n<ul>\n<li data-leveltext=\"%1.\" data-font=\"Calibri\" data-listid=\"1\" data-list-defn-props=\"{&quot;335552541&quot;:0,&quot;335559684&quot;:-1,&quot;335559685&quot;:720,&quot;335559991&quot;:360,&quot;469769242&quot;:[65533,0],&quot;469777803&quot;:&quot;left&quot;,&quot;469777804&quot;:&quot;%1.&quot;,&quot;469777815&quot;:&quot;hybridMultilevel&quot;}\" aria-setsize=\"-1\" data-aria-posinset=\"2\" data-aria-level=\"1\"><span data-contrast=\"none\">M\u00e1sr\u00e9szt arra biztatjuk a helyi \u00f6nkorm\u00e1nyzatokat, v\u00e1rosokat, hogy vegyenek r\u00e9szt a Primokiz programban, hogy meger\u0151s\u00edthess\u00e9k a megl\u00e9v\u0151 szolg\u00e1ltat\u00e1sokat \u00e9s a k\u00f6z\u00f6ss\u00e9g ig\u00e9nyeire alapozva \u00fajakat hozzanak l\u00e9tre, amelyek fenntart\u00e1s\u00e1r\u00f3l egy\u00fctt fognak gondoskodni.\u00a0 <\/span><span data-ccp-props=\"{&quot;201341983&quot;:0,&quot;335551550&quot;:6,&quot;335551620&quot;:6,&quot;335559739&quot;:160,&quot;335559740&quot;:259}\">\u00a0<\/span><\/li>\n<\/ul>\n<ul>\n<li data-leveltext=\"%2.\" data-font=\"Calibri\" data-listid=\"1\" data-list-defn-props=\"{&quot;335552541&quot;:0,&quot;335559684&quot;:-1,&quot;335559685&quot;:1440,&quot;335559991&quot;:360,&quot;469769242&quot;:[65533,4],&quot;469777803&quot;:&quot;left&quot;,&quot;469777804&quot;:&quot;%2.&quot;,&quot;469777815&quot;:&quot;hybridMultilevel&quot;}\" aria-setsize=\"-1\" data-aria-posinset=\"1\" data-aria-level=\"2\"><span data-contrast=\"none\">\u00d6sszesen <\/span><b><span data-contrast=\"none\">9 \u00f6nkorm\u00e1nyzat<\/span><\/b><span data-contrast=\"none\"> t\u00e1mogat\u00e1s\u00e1ra van lehet\u0151s\u00e9g\u00fcnk els\u0151 k\u00f6rben.<\/span><\/li>\n<\/ul>\n<ul>\n<li data-leveltext=\"%2.\" data-font=\"Calibri\" data-listid=\"1\" data-list-defn-props=\"{&quot;335552541&quot;:0,&quot;335559684&quot;:-1,&quot;335559685&quot;:1440,&quot;335559991&quot;:360,&quot;469769242&quot;:[65533,4],&quot;469777803&quot;:&quot;left&quot;,&quot;469777804&quot;:&quot;%2.&quot;,&quot;469777815&quot;:&quot;hybridMultilevel&quot;}\" aria-setsize=\"-1\" data-aria-posinset=\"2\" data-aria-level=\"2\"><span data-contrast=\"none\">Ezek az \u00f6nkorm\u00e1nyzatok arra v\u00e1llalkozhatnak, hogy a <\/span><b><span data-contrast=\"none\">helyi szolg\u00e1ltat\u00f3k akt\u00edv szem\u00e9lyei: <\/span><\/b><span data-contrast=\"none\">b\u00f6lcs\u0151de, \u00f3voda, iskola k\u00e9pvisel\u0151je ill. a szoci\u00e1lis szakemberek <\/span><b><span data-contrast=\"none\">\u00e9s a civil k\u00f6z\u00f6ss\u00e9g tagjai: <\/span><\/b><span data-contrast=\"none\">sz\u00fcl\u0151k, \u00e9rz\u00e9keny, akt\u00edv emberek<\/span><b><span data-contrast=\"none\"> egy\u00fctt<\/span><\/b><span data-contrast=\"none\">, <\/span><b><span data-contrast=\"none\">a helyi ig\u00e9nyekre,<\/span><\/b> <b><span data-contrast=\"none\">hi\u00e1nyoss\u00e1gokra reag\u00e1l\u00f3 szolg\u00e1ltat\u00e1sokat b\u0151v\u00edtenek vagy \u00fajakat hoznak l\u00e9tre<\/span><\/b><span data-contrast=\"none\">. A l\u00e9nyeg, hogy a szolg\u00e1ltat\u00e1s, ami lehet b\u00e1rmi &#8211; gyermekek sz\u00e1m\u00e1ra fenntartott j\u00e1tsz\u00f3helyis\u00e9g, pszichol\u00f3giai tan\u00e1csad\u00e1s, koragyermekkori elmarad\u00e1st kisz\u0171r\u0151 szakember &#8211; <\/span><b><span data-contrast=\"none\">az \u00f6nkorm\u00e1nyzat teljes jogi t\u00e1mogat\u00e1s\u00e1t \u00e9lvezi \u00e9s biztos\u00edtja annak hossz\u00fat\u00e1v\u00fa fenntart\u00e1s\u00e1t<\/span><\/b><span data-contrast=\"none\">.<\/span><span data-ccp-props=\"{&quot;201341983&quot;:0,&quot;335551550&quot;:6,&quot;335551620&quot;:6,&quot;335559739&quot;:160,&quot;335559740&quot;:259}\">\u00a0<\/span><\/li>\n<\/ul>\n<ul>\n<li data-leveltext=\"%1.\" data-font=\"Calibri\" data-listid=\"1\" data-list-defn-props=\"{&quot;335552541&quot;:0,&quot;335559684&quot;:-1,&quot;335559685&quot;:720,&quot;335559991&quot;:360,&quot;469769242&quot;:[65533,0],&quot;469777803&quot;:&quot;left&quot;,&quot;469777804&quot;:&quot;%1.&quot;,&quot;469777815&quot;:&quot;hybridMultilevel&quot;}\" aria-setsize=\"-1\" data-aria-posinset=\"3\" data-aria-level=\"1\"><span data-contrast=\"none\">Reszponz\u00edv, k\u00f6z\u00f6ss\u00e9gi alap\u00fa, nem form\u00e1lis szolg\u00e1ltat\u00e1sny\u00fajt\u00e1s a kisgyermekeket nevel\u0151 csal\u00e1dok t\u00e1mogat\u00e1sa \u00e9rdek\u00e9ben.<\/span><span data-ccp-props=\"{&quot;201341983&quot;:0,&quot;335551550&quot;:6,&quot;335551620&quot;:6,&quot;335559739&quot;:160,&quot;335559740&quot;:259}\">\u00a0<\/span><\/li>\n<\/ul>\n<ul>\n<li data-leveltext=\"%2.\" data-font=\"Calibri\" data-listid=\"1\" data-list-defn-props=\"{&quot;335552541&quot;:0,&quot;335559684&quot;:-1,&quot;335559685&quot;:1440,&quot;335559991&quot;:360,&quot;469769242&quot;:[65533,4],&quot;469777803&quot;:&quot;left&quot;,&quot;469777804&quot;:&quot;%2.&quot;,&quot;469777815&quot;:&quot;hybridMultilevel&quot;}\" aria-setsize=\"-1\" data-aria-posinset=\"1\" data-aria-level=\"2\"><span data-contrast=\"none\">A Primokiz\u00a0program az egyszer\u0171s\u00e9g\u00e9ben nagyszer\u0171.<\/span><b><span data-contrast=\"none\"> Azt t\u00e1mogatja, amire a sz\u00fcl\u0151knek, csal\u00e1doknak helyi szinten legjobban sz\u00fcks\u00e9ge van. <\/span><\/b><span data-contrast=\"none\">A megl\u00e9v\u0151 \u00e1llami szolg\u00e1ltat\u00e1sok mellett, fogalmazz\u00e1k meg, hogy mire van ig\u00e9ny. Fogjanak \u00f6ssze \u00e9s mi seg\u00edt\u00fcnk annak megval\u00f3s\u00edt\u00e1s\u00e1ban, ugyanakkor a felel\u0151ss\u00e9g annak fenntart\u00e1s\u00e1ra megoszlik a civil szervez\u0151k \u00e9s az \u00f6nkorm\u00e1nyzat k\u00f6z\u00f6tt.<\/span><span data-ccp-props=\"{&quot;201341983&quot;:0,&quot;335551550&quot;:1,&quot;335551620&quot;:1,&quot;335559739&quot;:160,&quot;335559740&quot;:259}\">\u00a0<\/span><\/li>\n<\/ul>\n<ul>\n<li data-leveltext=\"%2.\" data-font=\"Calibri\" data-listid=\"1\" data-list-defn-props=\"{&quot;335552541&quot;:0,&quot;335559684&quot;:-1,&quot;335559685&quot;:1440,&quot;335559991&quot;:360,&quot;469769242&quot;:[65533,4],&quot;469777803&quot;:&quot;left&quot;,&quot;469777804&quot;:&quot;%2.&quot;,&quot;469777815&quot;:&quot;hybridMultilevel&quot;}\" aria-setsize=\"-1\" data-aria-posinset=\"2\" data-aria-level=\"2\"><span data-contrast=\"none\">Mire gondolhatunk ilyenkor? Arra, hogy mennyivel egyszer\u0171bb dolga van pl.: egy kora gyermekkori fejleszt\u00e9ssel, traumatikus \u00e9lm\u00e9nyek feldolgoz\u00e1s\u00e1val foglalkoz\u00f3 szakmai k\u00f6z\u00f6ss\u00e9gnek, akkor, ha az anyagi t\u00e1mogat\u00e1st, helyis\u00e9g b\u00e9rlet anyagi fedezet\u00e9t az \u00f6nkorm\u00e1nyzat hossz\u00fa t\u00e1von biztos\u00edtani tudja. <\/span><span data-ccp-props=\"{&quot;201341983&quot;:0,&quot;335551550&quot;:1,&quot;335551620&quot;:1,&quot;335559739&quot;:160,&quot;335559740&quot;:259}\">\u00a0<\/span><\/li>\n<\/ul>\n<ul>\n<li data-leveltext=\"%2.\" data-font=\"Calibri\" data-listid=\"1\" data-list-defn-props=\"{&quot;335552541&quot;:0,&quot;335559684&quot;:-1,&quot;335559685&quot;:1440,&quot;335559991&quot;:360,&quot;469769242&quot;:[65533,4],&quot;469777803&quot;:&quot;left&quot;,&quot;469777804&quot;:&quot;%2.&quot;,&quot;469777815&quot;:&quot;hybridMultilevel&quot;}\" aria-setsize=\"-1\" data-aria-posinset=\"3\" data-aria-level=\"2\"><span data-contrast=\"none\">Ugyanakkor gondolnunk kell az o<\/span><b><span data-contrast=\"none\">rosz-ukr\u00e1n h\u00e1bor\u00fab\u00f3l menek\u00fcl\u0151 csal\u00e1dokra \u00e9s gyermekre. <\/span><\/b><span data-contrast=\"none\">Az <em>Els\u0151 a gyermek<\/em> program arra is t\u00e1mogat\u00e1st ny\u00fajt, hogy a helyi k\u00f6z\u00f6ss\u00e9g ig\u00e9nyeihez igazodva az ukr\u00e1n menek\u00fcltekr\u0151l is gondoskodni tudjanak.<\/span><span data-ccp-props=\"{&quot;201341983&quot;:0,&quot;335551550&quot;:1,&quot;335551620&quot;:1,&quot;335559739&quot;:160,&quot;335559740&quot;:259}\">\u00a0<\/span><\/li>\n<\/ul>\n<h2><span data-contrast=\"none\">A Primokiz program az <a href=\"https:\/\/partnershungary.hu\/hu_hu\/elso-a-gyermek-program\/\" target=\"_blank\" rel=\"noopener\">Els\u0151 a gyermek program<\/a>unk r\u00e9sze. V\u00e1rjuk teh\u00e1t <\/span><b><span data-contrast=\"none\">a jelentkez\u00e9seket<\/span><\/b><span data-contrast=\"none\"> az al\u00e1bb tal\u00e1lhat\u00f3 p\u00e1ly\u00e1zati felh\u00edv\u00e1sokban &#8211; a bejegyz\u00e9s ezen r\u00e9sze folyamatosan friss\u00fcl, a program el\u0151rehalad\u00e1sa sor\u00e1n.<\/span><\/h2>\n<p>&nbsp;<\/p>\n<p>&nbsp;<\/p>\n<p>T\u00e1mogat\u00f3nk:<\/p>\n<p><img loading=\"lazy\" decoding=\"async\" class=\"alignnone wp-image-3460\" src=\"http:\/\/partnershungary.hu\/wp-content\/uploads\/2023\/03\/Ke\u0301pernyo\u030bfoto\u0301-2023-03-10-11.59.41-300x102.png\" alt=\"\" width=\"168\" height=\"57\" srcset=\"https:\/\/partnershungary.hu\/wp-content\/uploads\/2023\/03\/Ke\u0301pernyo\u030bfoto\u0301-2023-03-10-11.59.41-300x102.png 300w, https:\/\/partnershungary.hu\/wp-content\/uploads\/2023\/03\/Ke\u0301pernyo\u030bfoto\u0301-2023-03-10-11.59.41-18x6.png 18w, https:\/\/partnershungary.hu\/wp-content\/uploads\/2023\/03\/Ke\u0301pernyo\u030bfoto\u0301-2023-03-10-11.59.41.png 317w\" sizes=\"auto, (max-width: 168px) 100vw, 168px\" \/><\/p>\n<p><a href=\"https:\/\/www.issa.nl\/primokiz\">Support for Comprehensive Early Childhood Services \u2013 Primokiz | ISSA<\/a><\/p>\n","protected":false},"excerpt":{"rendered":"<p>\u201dEgy eg\u00e9sz falura van sz\u00fcks\u00e9g egy gyermek felnevel\u00e9s\u00e9hez\u201d &#8211; ezt egyre gyakrabban halljuk a kora gyermekkori nevel\u00e9s-fejleszt\u00e9s kapcs\u00e1n. \u00c9s val\u00f3ban, komplex, \u00e9rt\u0151 \u00e9s el\u00e9rhet\u0151 t\u00e1mogat\u00e1sra van sz\u00fcks\u00e9ge a sz\u00fcl\u0151knek \u00e9s a gyerekekkel foglalkoz\u00f3 szakembereknek ahhoz, hogy j\u00f3l tudj\u00e1k t\u00e1mogatni a gyerekek \u00e9rzelmi-kognit\u00edv-t\u00e1rsas-fizikai fejl\u0151d\u00e9s\u00e9t a mindennapjaikban. N\u00e9met \u00e9s sv\u00e1jci tapasztalatok alapj\u00e1n kutat\u00e1sok is bizony\u00edtott\u00e1k az \u00e1ltalunk [&hellip;]<\/p>\n","protected":false},"author":2,"featured_media":0,"comment_status":"closed","ping_status":"open","sticky":false,"template":"","format":"standard","meta":{"_seopress_robots_primary_cat":"none","_seopress_titles_title":"","_seopress_titles_desc":"","_seopress_robots_index":"","footnotes":""},"categories":[78],"tags":[],"class_list":["post-3654","post","type-post","status-publish","format-standard","hentry","category-korabbi-projektek"],"_links":{"self":[{"href":"https:\/\/partnershungary.hu\/en\/wp-json\/wp\/v2\/posts\/3654","targetHints":{"allow":["GET"]}}],"collection":[{"href":"https:\/\/partnershungary.hu\/en\/wp-json\/wp\/v2\/posts"}],"about":[{"href":"https:\/\/partnershungary.hu\/en\/wp-json\/wp\/v2\/types\/post"}],"author":[{"embeddable":true,"href":"https:\/\/partnershungary.hu\/en\/wp-json\/wp\/v2\/users\/2"}],"replies":[{"embeddable":true,"href":"https:\/\/partnershungary.hu\/en\/wp-json\/wp\/v2\/comments?post=3654"}],"version-history":[{"count":0,"href":"https:\/\/partnershungary.hu\/en\/wp-json\/wp\/v2\/posts\/3654\/revisions"}],"wp:attachment":[{"href":"https:\/\/partnershungary.hu\/en\/wp-json\/wp\/v2\/media?parent=3654"}],"wp:term":[{"taxonomy":"category","embeddable":true,"href":"https:\/\/partnershungary.hu\/en\/wp-json\/wp\/v2\/categories?post=3654"},{"taxonomy":"post_tag","embeddable":true,"href":"https:\/\/partnershungary.hu\/en\/wp-json\/wp\/v2\/tags?post=3654"}],"curies":[{"name":"wp","href":"https:\/\/api.w.org\/{rel}","templated":true}]}}